{"id":3607,"date":"2020-05-04T09:52:54","date_gmt":"2020-05-04T07:52:54","guid":{"rendered":"http:\/\/agora.xtec.cat\/ceip-joan-coret\/?p=3607"},"modified":"2020-05-04T18:25:21","modified_gmt":"2020-05-04T16:25:21","slug":"matematiques-5e-dia-4-dabril","status":"publish","type":"post","link":"https:\/\/agora.xtec.cat\/ceip-joan-coret\/primaria\/5e\/matematiques-5e-dia-4-dabril\/","title":{"rendered":"Matem\u00e0tiques 5\u00e8 dia 4 de Maig"},"content":{"rendered":"<p><span style=\"font-weight: 400;\">Bon dia nois i noies.<\/span><\/p>\n<p style=\"font-weight: 400;\">Comencem una altra setmana, aqu\u00ed us deixem tres activitats de matem\u00e0tiques d&#8217;un tema que us ha de sonar molt i molt: geometria. Farem algunes activitats de rep\u00e0s.<\/p>\n<p style=\"font-weight: 400;\">Teniu dues activitats per poder fer on line, ja veureu que s\u00f3n s\u00faper f\u00e0cils, per\u00f2 us heu de fixar, no cal c\u00f3rrer per fer-les.<\/p>\n<p style=\"font-weight: 400;\">Entreu en aquests enlla\u00e7os:<\/p>\n<p><a href=\"https:\/\/es.liveworksheets.com\/ld293946im\" data-saferedirecturl=\"https:\/\/www.google.com\/url?q=https:\/\/es.liveworksheets.com\/ld293946im&amp;source=gmail&amp;ust=1588664779238000&amp;usg=AFQjCNFZOmT_61wAjnZbLdkoS3cTjiUvBQ\">https:\/\/es.liveworksheets.com\/ld293946im<\/a><\/p>\n<p><a href=\"https:\/\/es.liveworksheets.com\/vo374856yr\" data-saferedirecturl=\"https:\/\/www.google.com\/url?q=https:\/\/es.liveworksheets.com\/vo374856yr&amp;source=gmail&amp;ust=1588664779238000&amp;usg=AFQjCNFO1bii4wsxHwjMxv435lW15YzezA\">https:\/\/es.liveworksheets.com\/vo374856yr<\/a><\/p>\n<p style=\"font-weight: 400;\">Quan les acabeu me les heu d&#8217;enviar a :<\/p>\n<p style=\"font-weight: 400;\">\u00a0 \u00a0 \u00a0 \u00a0 \u00a0 \u00a0 \u00a0 \u00a0 \u00a0 \u00a0 \u00a0 \u00a0 \u00a0 \u00a0 \u00a0 \u00a0 \u00a0 \u00a0 \u00a0 \u00a0\u00a0<a href=\"mailto:pgarrid3@xtec.cat\">pgarrid3@xtec.cat<\/a><\/p>\n<p style=\"font-weight: 400;\">L&#8217;altra activitat \u00e9s de construcci\u00f3 de figures geom\u00e8triques, teniu les instruccions al document adjunt. Quan tingueu les construccions fetes (podeu fer totes les que vulgueu, imaginaci\u00f3\u00a0 al poder!!!!!) feu fotos i les poseu a la vostra carpeta de mates.<\/p>\n<p><a href=\"https:\/\/agora.xtec.cat\/ceip-joan-coret\/wp-content\/uploads\/usu1194\/2020\/05\/construim_prismes_sup.pdf\">construim_prismes_sup<\/a><\/p>\n<p style=\"font-weight: 400;\">Si podeu poseu-li nom a les fotos, que sin\u00f3 estic molt de temps per veure qu\u00e8 hi ha a cada foto.<\/p>\n<p style=\"font-weight: 400;\">Vinga que esteu treballant molt b\u00e9!!!!!<\/p>\n<p style=\"font-weight: 400;\">Una abra\u00e7ada.<\/p>\n<p style=\"font-weight: 400;\">Pilar<\/p>\n","protected":false},"excerpt":{"rendered":"<p>Bon dia nois i noies.<br \/>\nComencem una altra setmana, aqu\u00ed us deixem tres activitats de matem\u00e0tiques d&#8217;un tema que us ha de sonar molt i molt: geometria. Farem algunes activitats de rep\u00e0s.<br \/>\nTeniu dues activitats per poder fer on line, ja veureu que s\u00f3n s\u00faper f\u00e0cils, per\u00f2&hellip;  <a href=\"https:\/\/agora.xtec.cat\/ceip-joan-coret\/primaria\/5e\/matematiques-5e-dia-4-dabril\/\" title=\"Read Matem\u00e0tiques 5\u00e8 dia 4 de Maig\">Llegeix m\u00e9s\u00bb<\/a><\/p>\n","protected":false},"author":3,"featured_media":0,"comment_status":"open","ping_status":"closed","sticky":false,"template":"","format":"standard","meta":{"_bbp_topic_count":0,"_bbp_reply_count":0,"_bbp_total_topic_count":0,"_bbp_total_reply_count":0,"_bbp_voice_count":0,"_bbp_anonymous_reply_count":0,"_bbp_topic_count_hidden":0,"_bbp_reply_count_hidden":0,"_bbp_forum_subforum_count":0,"footnotes":""},"categories":[14],"tags":[68,347,247],"class_list":["post-3607","post","type-post","status-publish","format-standard","hentry","category-5e","tag-5e","tag-figures-geometriques","tag-matematiques"],"post_mailing_queue_ids":[],"_links":{"self":[{"href":"https:\/\/agora.xtec.cat\/ceip-joan-coret\/wp-json\/wp\/v2\/posts\/3607","targetHints":{"allow":["GET"]}}],"collection":[{"href":"https:\/\/agora.xtec.cat\/ceip-joan-coret\/wp-json\/wp\/v2\/posts"}],"about":[{"href":"https:\/\/agora.xtec.cat\/ceip-joan-coret\/wp-json\/wp\/v2\/types\/post"}],"author":[{"embeddable":true,"href":"https:\/\/agora.xtec.cat\/ceip-joan-coret\/wp-json\/wp\/v2\/users\/3"}],"replies":[{"embeddable":true,"href":"https:\/\/agora.xtec.cat\/ceip-joan-coret\/wp-json\/wp\/v2\/comments?post=3607"}],"version-history":[{"count":2,"href":"https:\/\/agora.xtec.cat\/ceip-joan-coret\/wp-json\/wp\/v2\/posts\/3607\/revisions"}],"predecessor-version":[{"id":3618,"href":"https:\/\/agora.xtec.cat\/ceip-joan-coret\/wp-json\/wp\/v2\/posts\/3607\/revisions\/3618"}],"wp:attachment":[{"href":"https:\/\/agora.xtec.cat\/ceip-joan-coret\/wp-json\/wp\/v2\/media?parent=3607"}],"wp:term":[{"taxonomy":"category","embeddable":true,"href":"https:\/\/agora.xtec.cat\/ceip-joan-coret\/wp-json\/wp\/v2\/categories?post=3607"},{"taxonomy":"post_tag","embeddable":true,"href":"https:\/\/agora.xtec.cat\/ceip-joan-coret\/wp-json\/wp\/v2\/tags?post=3607"}],"curies":[{"name":"wp","href":"https:\/\/api.w.org\/{rel}","templated":true}]}}