{"id":3603,"date":"2020-05-04T00:04:30","date_gmt":"2020-05-03T22:04:30","guid":{"rendered":"http:\/\/agora.xtec.cat\/ceip-joan-coret\/?p=3603"},"modified":"2020-05-04T00:04:30","modified_gmt":"2020-05-03T22:04:30","slug":"activitats-dia-4-fins-el-dia-11","status":"publish","type":"post","link":"https:\/\/agora.xtec.cat\/ceip-joan-coret\/general\/activitats-dia-4-fins-el-dia-11\/","title":{"rendered":"ACTIVITATS DIA 4 FINS EL DIA 11"},"content":{"rendered":"<div dir=\"ltr\">Bon dia a tothom. Les activitats d&#8217;avui dia 4 fins el dia 11 s\u00f3n les seg\u00fcents:<\/div>\n<div dir=\"ltr\"><\/div>\n<div dir=\"ltr\">-Lectura<\/div>\n<div dir=\"ltr\">-Catal\u00e0: preparaci\u00f3 i realitzaci\u00f3 d&#8217;un dictat.<\/div>\n<div dir=\"ltr\"><\/div>\n<div dir=\"ltr\"><a href=\"https:\/\/agora.xtec.cat\/ceip-joan-coret\/wp-content\/uploads\/usu1194\/2020\/05\/TASCA-3-DE-CATAL\u00c0-I.pdf\">TASCA 3 DE CATAL\u00c0 (I)<\/a><\/div>\n<div dir=\"ltr\"><a href=\"https:\/\/agora.xtec.cat\/ceip-joan-coret\/wp-content\/uploads\/usu1194\/2020\/05\/TASCA-3-DE-CATAL\u00c0-I-I-.pdf\">TASCA 3 DE CATAL\u00c0 ( I I )<\/a><\/div>\n<div dir=\"ltr\"><\/div>\n<div dir=\"ltr\">Salutacions.<\/div>\n<div dir=\"ltr\">Guillem.<\/div>\n","protected":false},"excerpt":{"rendered":"<p>Bon dia a tothom. Les activitats d&#8217;avui dia 4 fins el dia 11 s\u00f3n les seg\u00fcents:<\/p>\n<p>-Lectura<br \/>\n-Catal\u00e0: preparaci\u00f3 i realitzaci\u00f3 d&#8217;un dictat.<\/p>\n<p><a href=\"https:\/\/agora.xtec.cat\/ceip-joan-coret\/wp-content\/uploads\/usu1194\/2020\/05\/TASCA-3-DE-CATAL\u00c0-I.pdf\">TASCA 3 DE CATAL\u00c0 (I)<\/a><br \/>\n<a href=\"https:\/\/agora.xtec.cat\/ceip-joan-coret\/wp-content\/uploads\/usu1194\/2020\/05\/TASCA-3-DE-CATAL\u00c0-I-I-.pdf\">TASCA 3 DE CATAL\u00c0 ( I I )<\/a><\/p>\n<p>Salutacions.<br \/>\nGuillem.<\/p>\n","protected":false},"author":2,"featured_media":0,"comment_status":"open","ping_status":"closed","sticky":false,"template":"","format":"standard","meta":{"_bbp_topic_count":0,"_bbp_reply_count":0,"_bbp_total_topic_count":0,"_bbp_total_reply_count":0,"_bbp_voice_count":0,"_bbp_anonymous_reply_count":0,"_bbp_topic_count_hidden":0,"_bbp_reply_count_hidden":0,"_bbp_forum_subforum_count":0,"footnotes":""},"categories":[12,1,5],"tags":[],"class_list":["post-3603","post","type-post","status-publish","format-standard","hentry","category-3r","category-general","category-primaria"],"post_mailing_queue_ids":[],"_links":{"self":[{"href":"https:\/\/agora.xtec.cat\/ceip-joan-coret\/wp-json\/wp\/v2\/posts\/3603","targetHints":{"allow":["GET"]}}],"collection":[{"href":"https:\/\/agora.xtec.cat\/ceip-joan-coret\/wp-json\/wp\/v2\/posts"}],"about":[{"href":"https:\/\/agora.xtec.cat\/ceip-joan-coret\/wp-json\/wp\/v2\/types\/post"}],"author":[{"embeddable":true,"href":"https:\/\/agora.xtec.cat\/ceip-joan-coret\/wp-json\/wp\/v2\/users\/2"}],"replies":[{"embeddable":true,"href":"https:\/\/agora.xtec.cat\/ceip-joan-coret\/wp-json\/wp\/v2\/comments?post=3603"}],"version-history":[{"count":1,"href":"https:\/\/agora.xtec.cat\/ceip-joan-coret\/wp-json\/wp\/v2\/posts\/3603\/revisions"}],"predecessor-version":[{"id":3606,"href":"https:\/\/agora.xtec.cat\/ceip-joan-coret\/wp-json\/wp\/v2\/posts\/3603\/revisions\/3606"}],"wp:attachment":[{"href":"https:\/\/agora.xtec.cat\/ceip-joan-coret\/wp-json\/wp\/v2\/media?parent=3603"}],"wp:term":[{"taxonomy":"category","embeddable":true,"href":"https:\/\/agora.xtec.cat\/ceip-joan-coret\/wp-json\/wp\/v2\/categories?post=3603"},{"taxonomy":"post_tag","embeddable":true,"href":"https:\/\/agora.xtec.cat\/ceip-joan-coret\/wp-json\/wp\/v2\/tags?post=3603"}],"curies":[{"name":"wp","href":"https:\/\/api.w.org\/{rel}","templated":true}]}}