{"id":3575,"date":"2020-04-30T15:31:48","date_gmt":"2020-04-30T13:31:48","guid":{"rendered":"http:\/\/agora.xtec.cat\/ceip-joan-coret\/?p=3575"},"modified":"2020-04-30T15:36:58","modified_gmt":"2020-04-30T13:36:58","slug":"recepta-laia-i-beth-aracil","status":"publish","type":"post","link":"https:\/\/agora.xtec.cat\/ceip-joan-coret\/primaria\/3r\/recepta-laia-i-beth-aracil\/","title":{"rendered":"RECEPTA LAIA I BETH ARACIL"},"content":{"rendered":"<p>&nbsp;<\/p>\n<p>Aqu\u00ef us deixo un v\u00eddeo de la Laia de cinqu\u00e8 i la Beth de tercer,<\/p>\n<p><a href=\"https:\/\/youtu.be\/No3V2WPK2N0\">https:\/\/youtu.be\/No3V2WPK2N0<\/a><\/p>\n<p>A veure qui s&#8217; anima a fer receptes<\/p>\n<p>&nbsp;<\/p>\n<p><iframe loading=\"lazy\" title=\"RECEPTA LAIA I BETH ARACIL\" width=\"500\" height=\"281\" src=\"https:\/\/www.youtube.com\/embed\/No3V2WPK2N0?feature=oembed\" frameborder=\"0\" allow=\"accelerometer; autoplay; clipboard-write; encrypted-media; gyroscope; picture-in-picture; web-share\" referrerpolicy=\"strict-origin-when-cross-origin\" allowfullscreen><\/iframe><\/p>\n","protected":false},"excerpt":{"rendered":"<p>&nbsp;<br \/>\nAqu\u00ef us deixo un v\u00eddeo de la Laia de cinqu\u00e8 i la Beth de tercer,<br \/>\n<a href=\"https:\/\/youtu.be\/No3V2WPK2N0\">https:\/\/youtu.be\/No3V2WPK2N0<\/a><br \/>\nA veure qui s&#8217; anima a fer receptes<br \/>\n&nbsp;<\/p>\n","protected":false},"author":69,"featured_media":3576,"comment_status":"open","ping_status":"closed","sticky":false,"template":"","format":"standard","meta":{"_bbp_topic_count":0,"_bbp_reply_count":0,"_bbp_total_topic_count":0,"_bbp_total_reply_count":0,"_bbp_voice_count":0,"_bbp_anonymous_reply_count":0,"_bbp_topic_count_hidden":0,"_bbp_reply_count_hidden":0,"_bbp_forum_subforum_count":0,"footnotes":""},"categories":[12,14],"tags":[],"class_list":["post-3575","post","type-post","status-publish","format-standard","has-post-thumbnail","hentry","category-3r","category-5e"],"post_mailing_queue_ids":[],"_links":{"self":[{"href":"https:\/\/agora.xtec.cat\/ceip-joan-coret\/wp-json\/wp\/v2\/posts\/3575","targetHints":{"allow":["GET"]}}],"collection":[{"href":"https:\/\/agora.xtec.cat\/ceip-joan-coret\/wp-json\/wp\/v2\/posts"}],"about":[{"href":"https:\/\/agora.xtec.cat\/ceip-joan-coret\/wp-json\/wp\/v2\/types\/post"}],"author":[{"embeddable":true,"href":"https:\/\/agora.xtec.cat\/ceip-joan-coret\/wp-json\/wp\/v2\/users\/69"}],"replies":[{"embeddable":true,"href":"https:\/\/agora.xtec.cat\/ceip-joan-coret\/wp-json\/wp\/v2\/comments?post=3575"}],"version-history":[{"count":2,"href":"https:\/\/agora.xtec.cat\/ceip-joan-coret\/wp-json\/wp\/v2\/posts\/3575\/revisions"}],"predecessor-version":[{"id":3578,"href":"https:\/\/agora.xtec.cat\/ceip-joan-coret\/wp-json\/wp\/v2\/posts\/3575\/revisions\/3578"}],"wp:featuredmedia":[{"embeddable":true,"href":"https:\/\/agora.xtec.cat\/ceip-joan-coret\/wp-json\/wp\/v2\/media\/3576"}],"wp:attachment":[{"href":"https:\/\/agora.xtec.cat\/ceip-joan-coret\/wp-json\/wp\/v2\/media?parent=3575"}],"wp:term":[{"taxonomy":"category","embeddable":true,"href":"https:\/\/agora.xtec.cat\/ceip-joan-coret\/wp-json\/wp\/v2\/categories?post=3575"},{"taxonomy":"post_tag","embeddable":true,"href":"https:\/\/agora.xtec.cat\/ceip-joan-coret\/wp-json\/wp\/v2\/tags?post=3575"}],"curies":[{"name":"wp","href":"https:\/\/api.w.org\/{rel}","templated":true}]}}