{"id":3552,"date":"2020-04-30T10:07:59","date_gmt":"2020-04-30T08:07:59","guid":{"rendered":"http:\/\/agora.xtec.cat\/ceip-joan-coret\/?p=3552"},"modified":"2020-04-30T10:07:59","modified_gmt":"2020-04-30T08:07:59","slug":"catala-30-dabril","status":"publish","type":"post","link":"https:\/\/agora.xtec.cat\/ceip-joan-coret\/primaria\/6e\/catala-30-dabril\/","title":{"rendered":"Catal\u00e0 30 d&#8217;abril"},"content":{"rendered":"<p dir=\"ltr\">Bon dia sis\u00e8!!!!!<\/p>\n<p dir=\"ltr\">Aquest dijous 30 d\u00b4abril us proposem una nova tasca de llengua catalana on heu de contestar unes preguntes despr\u00e9s de llegir La llegenda de la S\u00edndria.<\/p>\n<p>Recordeu llegir b\u00e9 (com a m\u00ednim dues vegades) el text per poder realitzar una bona comprensi\u00f3 lectora. Tamb\u00e9 podeu utilitzar les estrat\u00e8gies que hem anat treballant (identificar els tipus de preguntes i buscar al text la resposta o la pista). Les respostes han de ser completes, la lletra clara i pareu atenci\u00f3 a l&#8217;ortografia!<\/p>\n<p dir=\"ltr\">Gaudiu molt de l\u00b4activitat i de les paraules que transmet aquesta lectura.<\/p>\n<p><a href=\"https:\/\/agora.xtec.cat\/ceip-joan-coret\/wp-content\/uploads\/usu1194\/2020\/04\/001-La-llegenda-de-la-s\u00edndria-poster.pdf\" target=\"_blank\" rel=\"noopener noreferrer\">001-La-llegenda-de-la-s\u00edndria-poster<\/a><\/p>\n<p><a href=\"https:\/\/agora.xtec.cat\/ceip-joan-coret\/wp-content\/uploads\/usu1194\/2020\/04\/LLegenda-de-la-s\u00edndria.-activitats.docx\" target=\"_blank\" rel=\"noopener noreferrer\">LLegenda de la s\u00edndria. activitats<\/a><\/p>\n<p dir=\"ltr\">\u201cNo us oblideu de somriure que \u00e9s el millor medicament per tenir un bon dia\u201d<\/p>\n<p><span style=\"color: #000000;\">PD: Estem esperant els vostres v\u00eddeos (preferentment) de l&#8217;activitat de valors! Als que ja els heu penjat, ens ha fet molta il\u00b7lusi\u00f3 veure-us! Esperem que seguiu gaudint de les passejades.<\/span><\/p>\n<p><span style=\"color: #000000;\">Bon cap de setmana llarg!<\/span><\/p>\n","protected":false},"excerpt":{"rendered":"<p>Bon dia sis\u00e8!!!!!<br \/>\nAquest dijous 30 d\u00b4abril us proposem una nova tasca de llengua catalana on heu de contestar unes preguntes despr\u00e9s de llegir La llegenda de la S\u00edndria.<br \/>\nRecordeu llegir b\u00e9 (com a m\u00ednim dues vegades) el text per poder realitzar una bona comprensi\u00f3 lectora. Tamb\u00e9&hellip;  <a href=\"https:\/\/agora.xtec.cat\/ceip-joan-coret\/primaria\/6e\/catala-30-dabril\/\" title=\"Read Catal\u00e0 30 d&#8217;abril\">Llegeix m\u00e9s\u00bb<\/a><\/p>\n","protected":false},"author":3,"featured_media":0,"comment_status":"open","ping_status":"closed","sticky":false,"template":"","format":"standard","meta":{"_bbp_topic_count":0,"_bbp_reply_count":0,"_bbp_total_topic_count":0,"_bbp_total_reply_count":0,"_bbp_voice_count":0,"_bbp_anonymous_reply_count":0,"_bbp_topic_count_hidden":0,"_bbp_reply_count_hidden":0,"_bbp_forum_subforum_count":0,"footnotes":""},"categories":[15],"tags":[],"class_list":["post-3552","post","type-post","status-publish","format-standard","hentry","category-6e"],"post_mailing_queue_ids":[],"_links":{"self":[{"href":"https:\/\/agora.xtec.cat\/ceip-joan-coret\/wp-json\/wp\/v2\/posts\/3552","targetHints":{"allow":["GET"]}}],"collection":[{"href":"https:\/\/agora.xtec.cat\/ceip-joan-coret\/wp-json\/wp\/v2\/posts"}],"about":[{"href":"https:\/\/agora.xtec.cat\/ceip-joan-coret\/wp-json\/wp\/v2\/types\/post"}],"author":[{"embeddable":true,"href":"https:\/\/agora.xtec.cat\/ceip-joan-coret\/wp-json\/wp\/v2\/users\/3"}],"replies":[{"embeddable":true,"href":"https:\/\/agora.xtec.cat\/ceip-joan-coret\/wp-json\/wp\/v2\/comments?post=3552"}],"version-history":[{"count":1,"href":"https:\/\/agora.xtec.cat\/ceip-joan-coret\/wp-json\/wp\/v2\/posts\/3552\/revisions"}],"predecessor-version":[{"id":3555,"href":"https:\/\/agora.xtec.cat\/ceip-joan-coret\/wp-json\/wp\/v2\/posts\/3552\/revisions\/3555"}],"wp:attachment":[{"href":"https:\/\/agora.xtec.cat\/ceip-joan-coret\/wp-json\/wp\/v2\/media?parent=3552"}],"wp:term":[{"taxonomy":"category","embeddable":true,"href":"https:\/\/agora.xtec.cat\/ceip-joan-coret\/wp-json\/wp\/v2\/categories?post=3552"},{"taxonomy":"post_tag","embeddable":true,"href":"https:\/\/agora.xtec.cat\/ceip-joan-coret\/wp-json\/wp\/v2\/tags?post=3552"}],"curies":[{"name":"wp","href":"https:\/\/api.w.org\/{rel}","templated":true}]}}