{"id":3501,"date":"2020-04-28T19:19:11","date_gmt":"2020-04-28T17:19:11","guid":{"rendered":"http:\/\/agora.xtec.cat\/ceip-joan-coret\/?p=3501"},"modified":"2020-04-28T19:19:20","modified_gmt":"2020-04-28T17:19:20","slug":"festes-de-maig-confinades-2","status":"publish","type":"post","link":"https:\/\/agora.xtec.cat\/ceip-joan-coret\/portada\/festes-de-maig-confinades-2\/","title":{"rendered":"Festes de Maig Confinades 2020"},"content":{"rendered":"<p>Des de l\u2019escola no volem quedar-nos sense les Festes de Maig de la nostra ciutat. Per aix\u00f2 us anirem compartint les informacions de les Festes per a poder contribuir a la celebraci\u00f3 d\u2019aquestes Festes de Maig Confinades.<a href=\"https:\/\/agora.xtec.cat\/ceip-joan-coret\/wp-content\/uploads\/usu1194\/2020\/04\/festesde-maig.jpg\"><br \/>\n<img loading=\"lazy\" decoding=\"async\" class=\"size-medium wp-image-3499 aligncenter\" src=\"https:\/\/agora.xtec.cat\/ceip-joan-coret\/wp-content\/uploads\/usu1194\/2020\/04\/festesde-maig-300x124.jpg\" sizes=\"auto, (max-width: 300px) 100vw, 300px\" srcset=\"https:\/\/agora.xtec.cat\/ceip-joan-coret\/wp-content\/uploads\/usu1194\/2020\/04\/festesde-maig-300x124.jpg 300w, https:\/\/agora.xtec.cat\/ceip-joan-coret\/wp-content\/uploads\/usu1194\/2020\/04\/festesde-maig-768x317.jpg 768w, https:\/\/agora.xtec.cat\/ceip-joan-coret\/wp-content\/uploads\/usu1194\/2020\/04\/festesde-maig.jpg 956w\" alt=\"\" width=\"300\" height=\"124\" \/><\/a><\/p>\n<p>??Fa unes setmanes es va anunciar que les Festes de Maig 2020 se suspenien. Per\u00f2&#8230; pens\u00e0veu que us quedar\u00edeu sense festa? Us volem presentar les Festes de Maig Confinades, una proposta per viure la festa des de casa, fer pedagogia sobre la festa i oferir recursos l\u00fadics per a diferents edats.<\/p>\n<p>La web oficial de les Festes de Maig (www.festesdemaig.cat) ser\u00e0 la plataforma per donar a con\u00e8ixer tots els continguts i recursos.<\/p>\n<p>El funcionament ser\u00e0 el seg\u00fcent:<br \/>\n?De l\u20191 al 17 de maig, cada mat\u00ed es publicaran continguts, enlla\u00e7os i recursos diversos al web oficial entorn un tema relacionat amb les Festes i a la tarda, s\u2019oferiran activitats i jocs relacionats.<br \/>\n? Televisi\u00f3 de Badalona i R\u00e0dio Ciutat Badalona tindran un paper precursor en la difusi\u00f3 de contingut hist\u00f2ric de les festes i de v\u00eddeos tutorials d\u2019activitats per fer des de casa. La difusi\u00f3 de les novetats i l\u2019enlla\u00e7 per arribar a aquests recursos es far\u00e0 a trav\u00e9s de les xarxes socials\u00a0@festesdemaig M\u00e9s informaci\u00f3 a l&#8217;enlla\u00e7 del nostre perfil.I a partir d&#8217;avui, atents a les xarxes\u00a0@festesdemaig!?<\/p>\n","protected":false},"excerpt":{"rendered":"<p>Des de l\u2019escola no volem quedar-nos sense les Festes de Maig de la nostra ciutat. Per aix\u00f2 us anirem compartint les informacions de les Festes per a poder contribuir a la celebraci\u00f3 d\u2019aquestes Festes de Maig Confinades.<a href=\"https:\/\/agora.xtec.cat\/ceip-joan-coret\/wp-content\/uploads\/usu1194\/2020\/04\/festesde-maig.jpg\"><br \/>\n<\/a><br \/>\n??Fa unes setmanes es va anunciar que les&hellip;  <a href=\"https:\/\/agora.xtec.cat\/ceip-joan-coret\/portada\/festes-de-maig-confinades-2\/\" title=\"Read Festes de Maig Confinades 2020\">Llegeix m\u00e9s\u00bb<\/a><\/p>\n","protected":false},"author":3,"featured_media":0,"comment_status":"open","ping_status":"closed","sticky":false,"template":"","format":"standard","meta":{"_bbp_topic_count":0,"_bbp_reply_count":0,"_bbp_total_topic_count":0,"_bbp_total_reply_count":0,"_bbp_voice_count":0,"_bbp_anonymous_reply_count":0,"_bbp_topic_count_hidden":0,"_bbp_reply_count_hidden":0,"_bbp_forum_subforum_count":0,"footnotes":""},"categories":[4],"tags":[345],"class_list":["post-3501","post","type-post","status-publish","format-standard","hentry","category-portada","tag-festes-de-maig-confinades"],"post_mailing_queue_ids":[],"_links":{"self":[{"href":"https:\/\/agora.xtec.cat\/ceip-joan-coret\/wp-json\/wp\/v2\/posts\/3501","targetHints":{"allow":["GET"]}}],"collection":[{"href":"https:\/\/agora.xtec.cat\/ceip-joan-coret\/wp-json\/wp\/v2\/posts"}],"about":[{"href":"https:\/\/agora.xtec.cat\/ceip-joan-coret\/wp-json\/wp\/v2\/types\/post"}],"author":[{"embeddable":true,"href":"https:\/\/agora.xtec.cat\/ceip-joan-coret\/wp-json\/wp\/v2\/users\/3"}],"replies":[{"embeddable":true,"href":"https:\/\/agora.xtec.cat\/ceip-joan-coret\/wp-json\/wp\/v2\/comments?post=3501"}],"version-history":[{"count":2,"href":"https:\/\/agora.xtec.cat\/ceip-joan-coret\/wp-json\/wp\/v2\/posts\/3501\/revisions"}],"predecessor-version":[{"id":3503,"href":"https:\/\/agora.xtec.cat\/ceip-joan-coret\/wp-json\/wp\/v2\/posts\/3501\/revisions\/3503"}],"wp:attachment":[{"href":"https:\/\/agora.xtec.cat\/ceip-joan-coret\/wp-json\/wp\/v2\/media?parent=3501"}],"wp:term":[{"taxonomy":"category","embeddable":true,"href":"https:\/\/agora.xtec.cat\/ceip-joan-coret\/wp-json\/wp\/v2\/categories?post=3501"},{"taxonomy":"post_tag","embeddable":true,"href":"https:\/\/agora.xtec.cat\/ceip-joan-coret\/wp-json\/wp\/v2\/tags?post=3501"}],"curies":[{"name":"wp","href":"https:\/\/api.w.org\/{rel}","templated":true}]}}