{"id":3498,"date":"2020-04-28T19:01:01","date_gmt":"2020-04-28T17:01:01","guid":{"rendered":"http:\/\/agora.xtec.cat\/ceip-joan-coret\/?p=3498"},"modified":"2020-04-29T10:41:31","modified_gmt":"2020-04-29T08:41:31","slug":"festes-de-maig-confinades","status":"publish","type":"post","link":"https:\/\/agora.xtec.cat\/ceip-joan-coret\/portada\/festes-de-maig-confinades\/","title":{"rendered":"Festes de Maig Confinades"},"content":{"rendered":"<p><a href=\"https:\/\/agora.xtec.cat\/ceip-joan-coret\/wp-content\/uploads\/usu1194\/2020\/04\/festesde-maig.jpg\"><img loading=\"lazy\" decoding=\"async\" class=\"size-medium wp-image-3499 aligncenter\" src=\"https:\/\/agora.xtec.cat\/ceip-joan-coret\/wp-content\/uploads\/usu1194\/2020\/04\/festesde-maig-300x124.jpg\" alt=\"\" width=\"300\" height=\"124\" srcset=\"https:\/\/agora.xtec.cat\/ceip-joan-coret\/wp-content\/uploads\/usu1194\/2020\/04\/festesde-maig-300x124.jpg 300w, https:\/\/agora.xtec.cat\/ceip-joan-coret\/wp-content\/uploads\/usu1194\/2020\/04\/festesde-maig-768x317.jpg 768w, https:\/\/agora.xtec.cat\/ceip-joan-coret\/wp-content\/uploads\/usu1194\/2020\/04\/festesde-maig.jpg 956w\" sizes=\"auto, (max-width: 300px) 100vw, 300px\" \/><\/a><\/p>\n<p><span class=\"_5mfr\"><span class=\"_6qdm\">?<\/span><\/span><span class=\"_5mfr\"><span class=\"_6qdm\">?<\/span><\/span>Un dels objectius de les Festes de Maig Confinades \u00e9s no perdre l&#8217;ess\u00e8ncia de les Festes. Per aix\u00f2, en uns dies us proposarem construir un dimoni d&#8217;unes dimensions ???? ??????? que podreu decorar al vostre gust i cremar a casa.<\/p>\n<p>No patiu! Difondrem com heu de cremar-lo i les mesures de seguretat per evitar situacions perilloses!<\/p>\n<p><span class=\"_5mfr\"><span class=\"_6qdm\">\u261d\ufe0f<\/span><\/span>Durant les Festes de Maig Confinades us oferirem recursos did\u00e0ctics i tallers manuals per fer des de casa! Ser\u00e0 molt important que participeu en aquestes activitats i si ho compartiu, ens mencioneu, ja que voldrem recopilar l&#8217;esperit que ens mou a tots des de casa i que ens recorda que a Badalona la festa no s&#8217;atura.<\/p>\n<p><strong><span class=\"_5mfr\"><span class=\"_6qdm\">?<\/span><\/span>Aix\u00ed: la primera indicaci\u00f3 \u00e9s que aneu guardant els tubs del paper de v\u00e0ter. Els necessitarem per fer alguns dels treballs manuals!<\/strong><\/p>\n","protected":false},"excerpt":{"rendered":"<p><a href=\"https:\/\/agora.xtec.cat\/ceip-joan-coret\/wp-content\/uploads\/usu1194\/2020\/04\/festesde-maig.jpg\"><\/a><br \/>\n??Un dels objectius de les Festes de Maig Confinades \u00e9s no perdre l&#8217;ess\u00e8ncia de les Festes. Per aix\u00f2, en uns dies us proposarem construir un dimoni d&#8217;unes dimensions ???? ??????? que podreu decorar al vostre gust i cremar a casa.<br \/>\nNo patiu! Difondrem com heu&hellip;  <a href=\"https:\/\/agora.xtec.cat\/ceip-joan-coret\/portada\/festes-de-maig-confinades\/\" title=\"Read Festes de Maig Confinades\">Llegeix m\u00e9s\u00bb<\/a><\/p>\n","protected":false},"author":3,"featured_media":1023,"comment_status":"open","ping_status":"closed","sticky":false,"template":"","format":"standard","meta":{"_bbp_topic_count":0,"_bbp_reply_count":0,"_bbp_total_topic_count":0,"_bbp_total_reply_count":0,"_bbp_voice_count":0,"_bbp_anonymous_reply_count":0,"_bbp_topic_count_hidden":0,"_bbp_reply_count_hidden":0,"_bbp_forum_subforum_count":0,"footnotes":""},"categories":[4],"tags":[345],"class_list":["post-3498","post","type-post","status-publish","format-standard","has-post-thumbnail","hentry","category-portada","tag-festes-de-maig-confinades"],"post_mailing_queue_ids":[],"_links":{"self":[{"href":"https:\/\/agora.xtec.cat\/ceip-joan-coret\/wp-json\/wp\/v2\/posts\/3498","targetHints":{"allow":["GET"]}}],"collection":[{"href":"https:\/\/agora.xtec.cat\/ceip-joan-coret\/wp-json\/wp\/v2\/posts"}],"about":[{"href":"https:\/\/agora.xtec.cat\/ceip-joan-coret\/wp-json\/wp\/v2\/types\/post"}],"author":[{"embeddable":true,"href":"https:\/\/agora.xtec.cat\/ceip-joan-coret\/wp-json\/wp\/v2\/users\/3"}],"replies":[{"embeddable":true,"href":"https:\/\/agora.xtec.cat\/ceip-joan-coret\/wp-json\/wp\/v2\/comments?post=3498"}],"version-history":[{"count":3,"href":"https:\/\/agora.xtec.cat\/ceip-joan-coret\/wp-json\/wp\/v2\/posts\/3498\/revisions"}],"predecessor-version":[{"id":3516,"href":"https:\/\/agora.xtec.cat\/ceip-joan-coret\/wp-json\/wp\/v2\/posts\/3498\/revisions\/3516"}],"wp:featuredmedia":[{"embeddable":true,"href":"https:\/\/agora.xtec.cat\/ceip-joan-coret\/wp-json\/wp\/v2\/media\/1023"}],"wp:attachment":[{"href":"https:\/\/agora.xtec.cat\/ceip-joan-coret\/wp-json\/wp\/v2\/media?parent=3498"}],"wp:term":[{"taxonomy":"category","embeddable":true,"href":"https:\/\/agora.xtec.cat\/ceip-joan-coret\/wp-json\/wp\/v2\/categories?post=3498"},{"taxonomy":"post_tag","embeddable":true,"href":"https:\/\/agora.xtec.cat\/ceip-joan-coret\/wp-json\/wp\/v2\/tags?post=3498"}],"curies":[{"name":"wp","href":"https:\/\/api.w.org\/{rel}","templated":true}]}}