{"id":3491,"date":"2020-04-29T09:55:55","date_gmt":"2020-04-29T07:55:55","guid":{"rendered":"http:\/\/agora.xtec.cat\/ceip-joan-coret\/?p=3491"},"modified":"2020-04-29T09:56:11","modified_gmt":"2020-04-29T07:56:11","slug":"educacio-fisica-29-abril","status":"publish","type":"post","link":"https:\/\/agora.xtec.cat\/ceip-joan-coret\/primaria\/5e\/educacio-fisica-29-abril\/","title":{"rendered":"Educaci\u00f3 F\u00edsica 29 Abril"},"content":{"rendered":"<p>Hola 5\u00e8 i 6\u00e8!!<\/p>\n<p>Ja he vist alguns videos que heu penjat al vostre drive i la veritat \u00e9s que ho esteu fent molt b\u00e9! Hi ha alguns videos que s\u00f3n pel\u00b7l\u00edcules perqu\u00e8 estan molt ben fetes!!! ENHORABONA!<\/p>\n<p>Aquesta setmana ens &#8220;visita&#8221; un altre super-heroi&#8230;. i aquest ja ens avisa que us far\u00e0 suar molt!!!<\/p>\n<p>Us sona el &#8220;Caballero oscuro&#8221;?&#8230;. aix\u00ed no ho s\u00e9, per\u00f2 si dic: BATMAN, segur que SI!<\/p>\n<p>Us deixo 3 videos perqu\u00e8 els feu (segur que els podeu fer tots 3).<\/p>\n<table>\n<tbody>\n<tr>\n<td>VIDEO 1<\/td>\n<td>VIDEO 2<\/td>\n<td>VIDEO 3<\/td>\n<\/tr>\n<tr>\n<td><a style=\"color: #2795b6; font-size: 16px;\" href=\"https:\/\/youtu.be\/AfQoW07EMqI\" target=\"_blank\" rel=\"noopener noreferrer\">https:\/\/youtu.be\/AfQoW07EMqI<\/a><\/td>\n<td><a href=\"https:\/\/youtu.be\/j0Q__SxwiZg\" target=\"_blank\" rel=\"noopener noreferrer\">https:\/\/youtu.be\/j0Q__SxwiZg<\/a><\/td>\n<td><a href=\"https:\/\/youtu.be\/Q0d11PfanpA\" target=\"_blank\" rel=\"noopener noreferrer\">https:\/\/youtu.be\/Q0d11PfanpA<\/a><\/td>\n<\/tr>\n<\/tbody>\n<\/table>\n<p>Espero els vostres videos!!!<\/p>\n<p>Xavi<\/p>\n","protected":false},"excerpt":{"rendered":"<p>Hola 5\u00e8 i 6\u00e8!!<br \/>\nJa he vist alguns videos que heu penjat al vostre drive i la veritat \u00e9s que ho esteu fent molt b\u00e9! Hi ha alguns videos que s\u00f3n pel\u00b7l\u00edcules perqu\u00e8 estan molt ben fetes!!! ENHORABONA!<br \/>\nAquesta setmana ens &#8220;visita&#8221; un altre super-heroi&#8230;. i aquest&hellip;  <a href=\"https:\/\/agora.xtec.cat\/ceip-joan-coret\/primaria\/5e\/educacio-fisica-29-abril\/\" title=\"Read Educaci\u00f3 F\u00edsica 29 Abril\">Llegeix m\u00e9s\u00bb<\/a><\/p>\n","protected":false},"author":3,"featured_media":3515,"comment_status":"open","ping_status":"closed","sticky":false,"template":"","format":"standard","meta":{"_bbp_topic_count":0,"_bbp_reply_count":0,"_bbp_total_topic_count":0,"_bbp_total_reply_count":0,"_bbp_voice_count":0,"_bbp_anonymous_reply_count":0,"_bbp_topic_count_hidden":0,"_bbp_reply_count_hidden":0,"_bbp_forum_subforum_count":0,"footnotes":""},"categories":[14,15],"tags":[68,65,66],"class_list":["post-3491","post","type-post","status-publish","format-standard","has-post-thumbnail","hentry","category-5e","category-6e","tag-5e","tag-6e","tag-ed-fisica"],"post_mailing_queue_ids":[],"_links":{"self":[{"href":"https:\/\/agora.xtec.cat\/ceip-joan-coret\/wp-json\/wp\/v2\/posts\/3491","targetHints":{"allow":["GET"]}}],"collection":[{"href":"https:\/\/agora.xtec.cat\/ceip-joan-coret\/wp-json\/wp\/v2\/posts"}],"about":[{"href":"https:\/\/agora.xtec.cat\/ceip-joan-coret\/wp-json\/wp\/v2\/types\/post"}],"author":[{"embeddable":true,"href":"https:\/\/agora.xtec.cat\/ceip-joan-coret\/wp-json\/wp\/v2\/users\/3"}],"replies":[{"embeddable":true,"href":"https:\/\/agora.xtec.cat\/ceip-joan-coret\/wp-json\/wp\/v2\/comments?post=3491"}],"version-history":[{"count":1,"href":"https:\/\/agora.xtec.cat\/ceip-joan-coret\/wp-json\/wp\/v2\/posts\/3491\/revisions"}],"predecessor-version":[{"id":3492,"href":"https:\/\/agora.xtec.cat\/ceip-joan-coret\/wp-json\/wp\/v2\/posts\/3491\/revisions\/3492"}],"wp:featuredmedia":[{"embeddable":true,"href":"https:\/\/agora.xtec.cat\/ceip-joan-coret\/wp-json\/wp\/v2\/media\/3515"}],"wp:attachment":[{"href":"https:\/\/agora.xtec.cat\/ceip-joan-coret\/wp-json\/wp\/v2\/media?parent=3491"}],"wp:term":[{"taxonomy":"category","embeddable":true,"href":"https:\/\/agora.xtec.cat\/ceip-joan-coret\/wp-json\/wp\/v2\/categories?post=3491"},{"taxonomy":"post_tag","embeddable":true,"href":"https:\/\/agora.xtec.cat\/ceip-joan-coret\/wp-json\/wp\/v2\/tags?post=3491"}],"curies":[{"name":"wp","href":"https:\/\/api.w.org\/{rel}","templated":true}]}}