{"id":3480,"date":"2020-04-28T10:26:26","date_gmt":"2020-04-28T08:26:26","guid":{"rendered":"http:\/\/agora.xtec.cat\/ceip-joan-coret\/?p=3480"},"modified":"2020-04-28T10:53:20","modified_gmt":"2020-04-28T08:53:20","slug":"coneixement-del-medi-dia-28-dabril","status":"publish","type":"post","link":"https:\/\/agora.xtec.cat\/ceip-joan-coret\/primaria\/6e\/coneixement-del-medi-dia-28-dabril\/","title":{"rendered":"Coneixement del Medi dia 28 d&#8217;abril"},"content":{"rendered":"<p style=\"font-weight: 400;\">Bon dia, nois i noies de 6\u00e8,<\/p>\n<p style=\"font-weight: 400;\">Donem inici a un nou dia treballant una mica l\u2019\u00e0rea de Coneixement del Medi.<\/p>\n<p style=\"font-weight: 400;\"><strong><u>Medi Natural<\/u><\/strong><\/p>\n<p style=\"font-weight: 400;\">La setmana passada ens vam iniciar en el tema de la salut i els h\u00e0bits saludables. Despr\u00e9s de revisar les vostres feines, heu de parar atenci\u00f3 a la difer\u00e8ncia entre una cosa i l\u2019altre:<\/p>\n<p style=\"font-weight: 400;\"><strong>La salut \u00e9s l\u2019estat de benestar f\u00edsic, mental&#8230; d\u2019una persona.<\/strong><\/p>\n<p style=\"font-weight: 400;\"><strong>En canvi, els h\u00e0bits saludables s\u00f3n totes aquelles\u00a0<u>accions<\/u>\u00a0que fem en el nostre dia a dia que incideixen en la nostra salut.<\/strong><\/p>\n<p style=\"font-weight: 400;\">Aquestes definicions les heu fet correctament, per\u00f2 no la seva aplicaci\u00f3, ja que quan us pregunt\u00e0vem per si teniu bona salut hav\u00edeu de parlar en refer\u00e8ncia a la 1\u00aa definici\u00f3, i quan us pregunt\u00e0vem sobre els h\u00e0bits, si que hav\u00edeu de parlar de totes les accions que feu (rentar dents, menjar sa&#8230;), i una gran majoria de vosaltres aquestes les heu escrit en refer\u00e8ncia a la vostra salut.<\/p>\n<p style=\"font-weight: 400;\">Doncs b\u00e9, fet aquest aclariment, aquesta setmana us enviem 2 propostes que trobareu adjuntes a aquest correu. Llegiu-les amb atenci\u00f3, trieu-ne UNA de les dues i feu l\u2019activitat que es proposa el millor possible amb el material que tingueu per casa, si ho feu a m\u00e0, o amb l\u2019ordinador.<\/p>\n<table style=\"width: 293px;\">\n<tbody>\n<tr>\n<td style=\"width: 136px;\">Document pdf:<\/td>\n<td style=\"width: 149px;\">Document pdf:<\/td>\n<\/tr>\n<tr>\n<td style=\"width: 136px;\"><a style=\"color: #2795b6; font-size: 16px;\" href=\"https:\/\/agora.xtec.cat\/ceip-joan-coret\/wp-content\/uploads\/usu1194\/2020\/04\/Fem-salut.pdf\" target=\"_blank\" rel=\"noopener noreferrer\">Fem salut<\/a><\/td>\n<td style=\"width: 149px;\"><a href=\"https:\/\/agora.xtec.cat\/ceip-joan-coret\/wp-content\/uploads\/usu1194\/2020\/04\/a_les_vostres_mans.pdf\">a_les_vostres_mans<\/a><\/td>\n<\/tr>\n<\/tbody>\n<\/table>\n<p style=\"font-weight: 400;\"><strong><u>Medi Social<\/u><\/strong><\/p>\n<p style=\"font-weight: 400;\">La setmana passada vau treballar les diferents etapes de la hist\u00f2ria. Aquesta setmana volem comprovar si us han quedat clares. Per saber-ho, seguiu aquest enlla\u00e7 i feu les activitats proposades:<\/p>\n<p style=\"font-weight: 400;\"><a href=\"https:\/\/es.liveworksheets.com\/oo206996lm\" data-saferedirecturl=\"https:\/\/www.google.com\/url?q=https:\/\/es.liveworksheets.com\/oo206996lm&amp;source=gmail&amp;ust=1588148470937000&amp;usg=AFQjCNGPdP3dG8YCu4uCdWoWsSceQUJxfQ\">https:\/\/es.liveworksheets.com\/oo206996lm<\/a><\/p>\n<p style=\"font-weight: 400;\">Quan les acabeu, recordeu de clicar TERMINADO-ENVIAR RESPUESTAS A MI PROFESORA- completar nom, curs, Medi Social i el nostre mail:<\/p>\n<table style=\"font-weight: 400;\">\n<tbody>\n<tr>\n<td width=\"283\">6\u00e8A<\/td>\n<td width=\"283\">6\u00e8B<\/td>\n<\/tr>\n<tr>\n<td width=\"283\"><a href=\"mailto:olgaveraespinosa@gmail.com\">olgaveraespinosa@gmail.com<\/a><\/p>\n<p>&nbsp;<\/td>\n<td width=\"283\"><a href=\"mailto:Sescoba2@xtec.cat\">Sescoba2@xtec.cat<\/a><\/p>\n<p>&nbsp;<\/td>\n<\/tr>\n<\/tbody>\n<\/table>\n<p style=\"font-weight: 400;\">Bona feina!<\/p>\n","protected":false},"excerpt":{"rendered":"<p>Bon dia, nois i noies de 6\u00e8,<br \/>\nDonem inici a un nou dia treballant una mica l\u2019\u00e0rea de Coneixement del Medi.<br \/>\nMedi Natural<br \/>\nLa setmana passada ens vam iniciar en el tema de la salut i els h\u00e0bits saludables. Despr\u00e9s de revisar les vostres feines, heu de parar&hellip;  <a href=\"https:\/\/agora.xtec.cat\/ceip-joan-coret\/primaria\/6e\/coneixement-del-medi-dia-28-dabril\/\" title=\"Read Coneixement del Medi dia 28 d&#8217;abril\">Llegeix m\u00e9s\u00bb<\/a><\/p>\n","protected":false},"author":3,"featured_media":0,"comment_status":"open","ping_status":"closed","sticky":false,"template":"","format":"standard","meta":{"_bbp_topic_count":0,"_bbp_reply_count":0,"_bbp_total_topic_count":0,"_bbp_total_reply_count":0,"_bbp_voice_count":0,"_bbp_anonymous_reply_count":0,"_bbp_topic_count_hidden":0,"_bbp_reply_count_hidden":0,"_bbp_forum_subforum_count":0,"footnotes":""},"categories":[15],"tags":[65,342,344],"class_list":["post-3480","post","type-post","status-publish","format-standard","hentry","category-6e","tag-6e","tag-medi-social","tag-salut"],"post_mailing_queue_ids":[],"_links":{"self":[{"href":"https:\/\/agora.xtec.cat\/ceip-joan-coret\/wp-json\/wp\/v2\/posts\/3480","targetHints":{"allow":["GET"]}}],"collection":[{"href":"https:\/\/agora.xtec.cat\/ceip-joan-coret\/wp-json\/wp\/v2\/posts"}],"about":[{"href":"https:\/\/agora.xtec.cat\/ceip-joan-coret\/wp-json\/wp\/v2\/types\/post"}],"author":[{"embeddable":true,"href":"https:\/\/agora.xtec.cat\/ceip-joan-coret\/wp-json\/wp\/v2\/users\/3"}],"replies":[{"embeddable":true,"href":"https:\/\/agora.xtec.cat\/ceip-joan-coret\/wp-json\/wp\/v2\/comments?post=3480"}],"version-history":[{"count":1,"href":"https:\/\/agora.xtec.cat\/ceip-joan-coret\/wp-json\/wp\/v2\/posts\/3480\/revisions"}],"predecessor-version":[{"id":3485,"href":"https:\/\/agora.xtec.cat\/ceip-joan-coret\/wp-json\/wp\/v2\/posts\/3480\/revisions\/3485"}],"wp:attachment":[{"href":"https:\/\/agora.xtec.cat\/ceip-joan-coret\/wp-json\/wp\/v2\/media?parent=3480"}],"wp:term":[{"taxonomy":"category","embeddable":true,"href":"https:\/\/agora.xtec.cat\/ceip-joan-coret\/wp-json\/wp\/v2\/categories?post=3480"},{"taxonomy":"post_tag","embeddable":true,"href":"https:\/\/agora.xtec.cat\/ceip-joan-coret\/wp-json\/wp\/v2\/tags?post=3480"}],"curies":[{"name":"wp","href":"https:\/\/api.w.org\/{rel}","templated":true}]}}