{"id":3478,"date":"2020-04-28T10:17:37","date_gmt":"2020-04-28T08:17:37","guid":{"rendered":"http:\/\/agora.xtec.cat\/ceip-joan-coret\/?p=3478"},"modified":"2020-04-28T10:18:02","modified_gmt":"2020-04-28T08:18:02","slug":"medi-social-5e-dia-28-dabril","status":"publish","type":"post","link":"https:\/\/agora.xtec.cat\/ceip-joan-coret\/primaria\/5e\/medi-social-5e-dia-28-dabril\/","title":{"rendered":"Medi Social 5\u00e8 dia 28 d&#8217;Abril"},"content":{"rendered":"<p>Hola nois i noies.<\/p>\n<p style=\"font-weight: 400;\">Ara us enviem les tasques de medi social que teniu per fer al llarg d&#8217;aquesta setmana.<\/p>\n<p style=\"font-weight: 400;\"><strong><u>Teniu tres activitats on line i una per fer en paper, cartolina, fulls de colors, cartr\u00f3<\/u>\u00a0(imaginaci\u00f3 al poder amb all\u00f2 que tingueu per casa)<\/strong><\/p>\n<p style=\"font-weight: 400;\">Abans de fer-les mireu els enlla\u00e7os de la setmana passada on hi havia informaci\u00f3 sobre les etapes de la hist\u00f2ria.<\/p>\n<p style=\"font-weight: 400;\">Heu d&#8217;entrar en aquests enlla\u00e7os:<\/p>\n<p><a href=\"https:\/\/es.liveworksheets.com\/c?a=s&amp;l=ce&amp;i=dfxtfz&amp;r=bj\" target=\"_blank\" rel=\"noopener noreferrer\" data-saferedirecturl=\"https:\/\/www.google.com\/url?q=https:\/\/es.liveworksheets.com\/c?a%3Ds%26l%3Dce%26i%3Ddfxtfz%26r%3Dbj&amp;source=gmail&amp;ust=1588147395565000&amp;usg=AFQjCNFcHKHZHyHxVtfw8SzL-NMVNd2nNQ\">https:\/\/es.liveworksheets.com\/c?a=s&amp;l=ce&amp;i=dfxtfz&amp;r=bj<\/a><\/p>\n<p><a href=\"https:\/\/es.liveworksheets.com\/c?a=s&amp;l=qs&amp;i=tzossc&amp;r=ua\" target=\"_blank\" rel=\"noopener noreferrer\" data-saferedirecturl=\"https:\/\/www.google.com\/url?q=https:\/\/es.liveworksheets.com\/c?a%3Ds%26l%3Dqs%26i%3Dtzossc%26r%3Dua&amp;source=gmail&amp;ust=1588147395565000&amp;usg=AFQjCNEqGW27ykn2DGXOuuy0EvLTZdQGbg\">https:\/\/es.liveworksheets.com\/c?a=s&amp;l=qs&amp;i=tzossc&amp;r=ua<\/a><\/p>\n<p>Les dues s\u00f3n d&#8217;arrossegar i\u00a0col\u00b7locar\u00a0al seu lloc. Un cop l&#8217;acabeu li doneu al bot\u00f3 Terminado i us sortir\u00e0 una finestra on heu de posar el vostre nom, curs, socials i un mail, que\u00a0\u00e9s\u00a0:<\/p>\n<p><strong><a href=\"mailto:pgarrid3@xtec.cat\">pgarrid3@xtec.cat<\/a>\u00a0<\/strong><\/p>\n<p>i jo ja podr\u00e9 veure les vostres activitats<\/p>\n<p>Despr\u00e9s entreu a:<\/p>\n<p><a href=\"https:\/\/game.educaplay.com\/\" target=\"_blank\" rel=\"noopener noreferrer\" data-saferedirecturl=\"https:\/\/www.google.com\/url?q=https:\/\/game.educaplay.com\/&amp;source=gmail&amp;ust=1588147395565000&amp;usg=AFQjCNFsr1_H3kn3ALyisa2au1-mS8h9Mw\">https:\/\/game.educaplay.com\/<\/a><\/p>\n<p>&nbsp;<\/p>\n<p>I poseu el seg\u00fcent PIN:<strong>\u00a0325462<\/strong><\/p>\n<p>Aquesta ja sabeu com funciona, com els\u00a0<em>pasapalabra<\/em>\u00a0de castell\u00e0.<\/p>\n<p>Finalment vull que feu<strong>\u00a0un mura<\/strong>l, si pot ser m\u00e9s gran d&#8217;un foli millor, sin\u00f3 amb el que tingueu. Qu\u00e8 heu de posar en aquest mural?<\/p>\n<p>&nbsp;<\/p>\n<p><strong>LES ETAPES DE LA HIST\u00d2RIA\u00a0<\/strong><\/p>\n<p>Posar cada etapa, any de canvi, per qu\u00e8 es produeix el canvi, dibuixos, lletres ben maques, com vulgueu. Amb molta imaginaci\u00f3.Si alg\u00fa\u00a0ho vol fer amb l&#8217;ordinador tamb\u00e9 pot.<\/p>\n<p>Un cop tingueu fet el vostre mural, de les etapes de la hist\u00f2ria , li feu una foto i la pugeu al Drive<\/p>\n<p>Qualsevol dubte,\u00a0 ja sabeu estem per ajudar-vos.<\/p>\n<p>Molt bona feina!!!!!<\/p>\n<p>Pilar<\/p>\n","protected":false},"excerpt":{"rendered":"<p>Hola nois i noies.<br \/>\nAra us enviem les tasques de medi social que teniu per fer al llarg d&#8217;aquesta setmana.<br \/>\nTeniu tres activitats on line i una per fer en paper, cartolina, fulls de colors, cartr\u00f3\u00a0(imaginaci\u00f3 al poder amb all\u00f2 que tingueu per casa)<br \/>\nAbans de fer-les mireu&hellip;  <a href=\"https:\/\/agora.xtec.cat\/ceip-joan-coret\/primaria\/5e\/medi-social-5e-dia-28-dabril\/\" title=\"Read Medi Social 5\u00e8 dia 28 d&#8217;Abril\">Llegeix m\u00e9s\u00bb<\/a><\/p>\n","protected":false},"author":3,"featured_media":0,"comment_status":"open","ping_status":"closed","sticky":false,"template":"","format":"standard","meta":{"_bbp_topic_count":0,"_bbp_reply_count":0,"_bbp_total_topic_count":0,"_bbp_total_reply_count":0,"_bbp_voice_count":0,"_bbp_anonymous_reply_count":0,"_bbp_topic_count_hidden":0,"_bbp_reply_count_hidden":0,"_bbp_forum_subforum_count":0,"footnotes":""},"categories":[14],"tags":[342,343],"class_list":["post-3478","post","type-post","status-publish","format-standard","hentry","category-5e","tag-medi-social","tag-plaques-tectoniques"],"post_mailing_queue_ids":[],"_links":{"self":[{"href":"https:\/\/agora.xtec.cat\/ceip-joan-coret\/wp-json\/wp\/v2\/posts\/3478","targetHints":{"allow":["GET"]}}],"collection":[{"href":"https:\/\/agora.xtec.cat\/ceip-joan-coret\/wp-json\/wp\/v2\/posts"}],"about":[{"href":"https:\/\/agora.xtec.cat\/ceip-joan-coret\/wp-json\/wp\/v2\/types\/post"}],"author":[{"embeddable":true,"href":"https:\/\/agora.xtec.cat\/ceip-joan-coret\/wp-json\/wp\/v2\/users\/3"}],"replies":[{"embeddable":true,"href":"https:\/\/agora.xtec.cat\/ceip-joan-coret\/wp-json\/wp\/v2\/comments?post=3478"}],"version-history":[{"count":1,"href":"https:\/\/agora.xtec.cat\/ceip-joan-coret\/wp-json\/wp\/v2\/posts\/3478\/revisions"}],"predecessor-version":[{"id":3479,"href":"https:\/\/agora.xtec.cat\/ceip-joan-coret\/wp-json\/wp\/v2\/posts\/3478\/revisions\/3479"}],"wp:attachment":[{"href":"https:\/\/agora.xtec.cat\/ceip-joan-coret\/wp-json\/wp\/v2\/media?parent=3478"}],"wp:term":[{"taxonomy":"category","embeddable":true,"href":"https:\/\/agora.xtec.cat\/ceip-joan-coret\/wp-json\/wp\/v2\/categories?post=3478"},{"taxonomy":"post_tag","embeddable":true,"href":"https:\/\/agora.xtec.cat\/ceip-joan-coret\/wp-json\/wp\/v2\/tags?post=3478"}],"curies":[{"name":"wp","href":"https:\/\/api.w.org\/{rel}","templated":true}]}}