{"id":3473,"date":"2020-04-27T10:36:16","date_gmt":"2020-04-27T08:36:16","guid":{"rendered":"http:\/\/agora.xtec.cat\/ceip-joan-coret\/?p=3473"},"modified":"2020-04-27T10:36:16","modified_gmt":"2020-04-27T08:36:16","slug":"activitats-dilluns-27-abril-6e","status":"publish","type":"post","link":"https:\/\/agora.xtec.cat\/ceip-joan-coret\/primaria\/6e\/activitats-dilluns-27-abril-6e\/","title":{"rendered":"Activitats dilluns 27 abril 6\u00e8"},"content":{"rendered":"<p>Bon dia nois i noies de 6\u00e8!<\/p>\n<p>Iniciem una nova setmana i per comen\u00e7ar-la toca treballar les matem\u00e0tiques.<\/p>\n<p>La setmana passada us vam enviar unes activitats finals del dossier 4. Avui us adjuntem la 2\u00aa part de les mateixes. Llegiu b\u00e9 els enunciats i treballeu amb calma perqu\u00e8 aix\u00ed de ben segur tot us sortir\u00e0 millor.<\/p>\n<p>A m\u00e9s a m\u00e9s, tamb\u00e9 volem que repasseu una mica les divisions de 2 xifres. Per fer-ho heu de seguir el seg\u00fcent enlla\u00e7:<\/p>\n<p><a href=\"https:\/\/es.liveworksheets.com\/ac177974ht\" data-saferedirecturl=\"https:\/\/www.google.com\/url?q=https:\/\/es.liveworksheets.com\/ac177974ht&amp;source=gmail&amp;ust=1588062482105000&amp;usg=AFQjCNFWTWXtdpYxXZDW6psok7nVQG63DQ\">https:\/\/es.liveworksheets.com\/ac177974ht<\/a><\/p>\n<p style=\"text-align: center;\">Aqu\u00ed les trobareu i haureu de fer com amb la comprensi\u00f3 lectora de Sant Jordi, \u00e9s a dir, un cop les hagueu acabat, cliqueu a TERMINADO, tot seguit a ENVIAR MIS RESPUESTAS A MI PROFESORA i per \u00faltim completar les vostres dades (nom, curs, matem\u00e0tiques) i el mail al que l\u2019heu d\u2019enviar:<\/p>\n<table class=\" aligncenter\" style=\"height: 117px;\" width=\"379\">\n<tbody>\n<tr style=\"height: 10px;\">\n<td style=\"text-align: center; height: 10px; width: 208px;\">6\u00e8A<\/td>\n<td style=\"text-align: center; height: 10px; width: 163px;\">6\u00e8B<\/td>\n<\/tr>\n<tr style=\"height: 55px;\">\n<td style=\"text-align: center; height: 55px; width: 208px;\"><a href=\"mailto:olgaveraespinosa@gmail.com\">olgaveraespinosa<span class=\"\">@<\/span>gmail.com<\/a><\/td>\n<td style=\"text-align: center; height: 55px; width: 163px;\"><a href=\"mailto:Sescoba2@xtec.cat\">Sescoba2@xtec.cat<\/a><\/td>\n<\/tr>\n<\/tbody>\n<\/table>\n<p>&nbsp;<\/p>\n<p>Que tingueu molt bona setmana!<\/p>\n","protected":false},"excerpt":{"rendered":"<p>Bon dia nois i noies de 6\u00e8!<br \/>\nIniciem una nova setmana i per comen\u00e7ar-la toca treballar les matem\u00e0tiques.<br \/>\nLa setmana passada us vam enviar unes activitats finals del dossier 4. Avui us adjuntem la 2\u00aa part de les mateixes. Llegiu b\u00e9 els enunciats i treballeu amb calma&hellip;  <a href=\"https:\/\/agora.xtec.cat\/ceip-joan-coret\/primaria\/6e\/activitats-dilluns-27-abril-6e\/\" title=\"Read Activitats dilluns 27 abril 6\u00e8\">Llegeix m\u00e9s\u00bb<\/a><\/p>\n","protected":false},"author":3,"featured_media":0,"comment_status":"open","ping_status":"closed","sticky":false,"template":"","format":"standard","meta":{"_bbp_topic_count":0,"_bbp_reply_count":0,"_bbp_total_topic_count":0,"_bbp_total_reply_count":0,"_bbp_voice_count":0,"_bbp_anonymous_reply_count":0,"_bbp_topic_count_hidden":0,"_bbp_reply_count_hidden":0,"_bbp_forum_subforum_count":0,"footnotes":""},"categories":[15],"tags":[],"class_list":["post-3473","post","type-post","status-publish","format-standard","hentry","category-6e"],"post_mailing_queue_ids":[],"_links":{"self":[{"href":"https:\/\/agora.xtec.cat\/ceip-joan-coret\/wp-json\/wp\/v2\/posts\/3473","targetHints":{"allow":["GET"]}}],"collection":[{"href":"https:\/\/agora.xtec.cat\/ceip-joan-coret\/wp-json\/wp\/v2\/posts"}],"about":[{"href":"https:\/\/agora.xtec.cat\/ceip-joan-coret\/wp-json\/wp\/v2\/types\/post"}],"author":[{"embeddable":true,"href":"https:\/\/agora.xtec.cat\/ceip-joan-coret\/wp-json\/wp\/v2\/users\/3"}],"replies":[{"embeddable":true,"href":"https:\/\/agora.xtec.cat\/ceip-joan-coret\/wp-json\/wp\/v2\/comments?post=3473"}],"version-history":[{"count":1,"href":"https:\/\/agora.xtec.cat\/ceip-joan-coret\/wp-json\/wp\/v2\/posts\/3473\/revisions"}],"predecessor-version":[{"id":3474,"href":"https:\/\/agora.xtec.cat\/ceip-joan-coret\/wp-json\/wp\/v2\/posts\/3473\/revisions\/3474"}],"wp:attachment":[{"href":"https:\/\/agora.xtec.cat\/ceip-joan-coret\/wp-json\/wp\/v2\/media?parent=3473"}],"wp:term":[{"taxonomy":"category","embeddable":true,"href":"https:\/\/agora.xtec.cat\/ceip-joan-coret\/wp-json\/wp\/v2\/categories?post=3473"},{"taxonomy":"post_tag","embeddable":true,"href":"https:\/\/agora.xtec.cat\/ceip-joan-coret\/wp-json\/wp\/v2\/tags?post=3473"}],"curies":[{"name":"wp","href":"https:\/\/api.w.org\/{rel}","templated":true}]}}