{"id":3463,"date":"2020-04-27T00:43:02","date_gmt":"2020-04-26T22:43:02","guid":{"rendered":"http:\/\/agora.xtec.cat\/ceip-joan-coret\/?p=3463"},"modified":"2020-04-27T00:43:02","modified_gmt":"2020-04-26T22:43:02","slug":"activitats-dia-27-fins-el-dia-4-de-maig","status":"publish","type":"post","link":"https:\/\/agora.xtec.cat\/ceip-joan-coret\/general\/activitats-dia-27-fins-el-dia-4-de-maig\/","title":{"rendered":"Activitats dia 27 fins el dia 4 de maig"},"content":{"rendered":"<p>Bona setmana fam\u00edlies! Us enviem les activitats d&#8217;avui dia 27 per presentar-les fins el dia 4 de maig.<\/p>\n<p>Lectura: La meva amiga vampireta.<\/p>\n<p>Catal\u00e0: gui\u00f3 i preparaci\u00f3 d&#8217;una recepta.<\/p>\n<p><a href=\"https:\/\/agora.xtec.cat\/ceip-joan-coret\/wp-content\/uploads\/usu1194\/2020\/04\/Catal\u00e0-tasca-2-recepta.pdf\">Catal\u00e0 tasca 2 recepta<\/a><\/p>\n<p>Salutacions.<\/p>\n<p>Guillem<\/p>\n<p>&nbsp;<\/p>\n<p>&nbsp;<\/p>\n","protected":false},"excerpt":{"rendered":"<p>Bona setmana fam\u00edlies! Us enviem les activitats d&#8217;avui dia 27 per presentar-les fins el dia 4 de maig.<br \/>\nLectura: La meva amiga vampireta.<br \/>\nCatal\u00e0: gui\u00f3 i preparaci\u00f3 d&#8217;una recepta.<br \/>\n<a href=\"https:\/\/agora.xtec.cat\/ceip-joan-coret\/wp-content\/uploads\/usu1194\/2020\/04\/Catal\u00e0-tasca-2-recepta.pdf\">Catal\u00e0 tasca 2 recepta<\/a><br \/>\nSalutacions.<br \/>\nGuillem<br \/>\n&nbsp;<br \/>\n&nbsp;<\/p>\n","protected":false},"author":2,"featured_media":0,"comment_status":"open","ping_status":"closed","sticky":false,"template":"","format":"standard","meta":{"_bbp_topic_count":0,"_bbp_reply_count":0,"_bbp_total_topic_count":0,"_bbp_total_reply_count":0,"_bbp_voice_count":0,"_bbp_anonymous_reply_count":0,"_bbp_topic_count_hidden":0,"_bbp_reply_count_hidden":0,"_bbp_forum_subforum_count":0,"footnotes":""},"categories":[12,1,5],"tags":[],"class_list":["post-3463","post","type-post","status-publish","format-standard","hentry","category-3r","category-general","category-primaria"],"post_mailing_queue_ids":[],"_links":{"self":[{"href":"https:\/\/agora.xtec.cat\/ceip-joan-coret\/wp-json\/wp\/v2\/posts\/3463","targetHints":{"allow":["GET"]}}],"collection":[{"href":"https:\/\/agora.xtec.cat\/ceip-joan-coret\/wp-json\/wp\/v2\/posts"}],"about":[{"href":"https:\/\/agora.xtec.cat\/ceip-joan-coret\/wp-json\/wp\/v2\/types\/post"}],"author":[{"embeddable":true,"href":"https:\/\/agora.xtec.cat\/ceip-joan-coret\/wp-json\/wp\/v2\/users\/2"}],"replies":[{"embeddable":true,"href":"https:\/\/agora.xtec.cat\/ceip-joan-coret\/wp-json\/wp\/v2\/comments?post=3463"}],"version-history":[{"count":1,"href":"https:\/\/agora.xtec.cat\/ceip-joan-coret\/wp-json\/wp\/v2\/posts\/3463\/revisions"}],"predecessor-version":[{"id":3466,"href":"https:\/\/agora.xtec.cat\/ceip-joan-coret\/wp-json\/wp\/v2\/posts\/3463\/revisions\/3466"}],"wp:attachment":[{"href":"https:\/\/agora.xtec.cat\/ceip-joan-coret\/wp-json\/wp\/v2\/media?parent=3463"}],"wp:term":[{"taxonomy":"category","embeddable":true,"href":"https:\/\/agora.xtec.cat\/ceip-joan-coret\/wp-json\/wp\/v2\/categories?post=3463"},{"taxonomy":"post_tag","embeddable":true,"href":"https:\/\/agora.xtec.cat\/ceip-joan-coret\/wp-json\/wp\/v2\/tags?post=3463"}],"curies":[{"name":"wp","href":"https:\/\/api.w.org\/{rel}","templated":true}]}}