{"id":3456,"date":"2020-04-25T21:55:40","date_gmt":"2020-04-25T19:55:40","guid":{"rendered":"http:\/\/agora.xtec.cat\/ceip-joan-coret\/?p=3456"},"modified":"2020-04-25T21:57:49","modified_gmt":"2020-04-25T19:57:49","slug":"castellano-22-abril","status":"publish","type":"post","link":"https:\/\/agora.xtec.cat\/ceip-joan-coret\/primaria\/4t\/castellano-22-abril\/","title":{"rendered":"Castellano 22 abril"},"content":{"rendered":"<p>Hola, aqu\u00ed os dejamos los ejercicios que os enviamos el mi\u00e9rcoles 22. Cuando los acab\u00e9is, enviadlos al mail de vuestra clase.<\/p>\n<table>\n<tbody>\n<tr>\n<td><a href=\"https:\/\/agora.xtec.cat\/ceip-joan-coret\/wp-content\/uploads\/usu1194\/2020\/04\/Tarea-1-castellano-.pdf\" target=\"_blank\" rel=\"noopener noreferrer\">Tarea 1 castellano<\/a><\/td>\n<td><a href=\"https:\/\/agora.xtec.cat\/ceip-joan-coret\/wp-content\/uploads\/usu1194\/2020\/04\/tarea-2-castellano-4\u00ba-los-art\u00edculos.pdf\" target=\"_blank\" rel=\"noopener noreferrer\">tarea 2 castellano 4\u00ba los art\u00edculos<\/a><\/td>\n<\/tr>\n<tr>\n<td><a href=\"https:\/\/agora.xtec.cat\/ceip-joan-coret\/wp-content\/uploads\/usu1194\/2020\/04\/Lectura-1-castellano.pdf\" target=\"_blank\" rel=\"noopener noreferrer\">Lectura 1 castellano<\/a><\/td>\n<td><a href=\"https:\/\/agora.xtec.cat\/ceip-joan-coret\/wp-content\/uploads\/usu1194\/2020\/04\/Lectura-2-castellano-4\u00ba.pdf\" target=\"_blank\" rel=\"noopener noreferrer\">Lectura 2 castellano 4\u00ba<\/a><\/td>\n<\/tr>\n<\/tbody>\n<\/table>\n<p>SALUT!!!<\/p>\n<p>Eva y Fran<\/p>\n","protected":false},"excerpt":{"rendered":"<p>Hola, aqu\u00ed os dejamos los ejercicios que os enviamos el mi\u00e9rcoles 22. Cuando los acab\u00e9is, enviadlos al mail de vuestra clase.<\/p>\n<p><a href=\"https:\/\/agora.xtec.cat\/ceip-joan-coret\/wp-content\/uploads\/usu1194\/2020\/04\/Tarea-1-castellano-.pdf\" target=\"_blank\" rel=\"noopener noreferrer\">Tarea 1 castellano<\/a><br \/>\n<a href=\"https:\/\/agora.xtec.cat\/ceip-joan-coret\/wp-content\/uploads\/usu1194\/2020\/04\/tarea-2-castellano-4\u00ba-los-art\u00edculos.pdf\" target=\"_blank\" rel=\"noopener noreferrer\">tarea 2 castellano 4\u00ba los art\u00edculos<\/a><\/p>\n<p><a href=\"https:\/\/agora.xtec.cat\/ceip-joan-coret\/wp-content\/uploads\/usu1194\/2020\/04\/Lectura-1-castellano.pdf\" target=\"_blank\" rel=\"noopener noreferrer\">Lectura 1 castellano<\/a><br \/>\n<a href=\"https:\/\/agora.xtec.cat\/ceip-joan-coret\/wp-content\/uploads\/usu1194\/2020\/04\/Lectura-2-castellano-4\u00ba.pdf\" target=\"_blank\" rel=\"noopener&hellip;  <a href=\"https:\/\/agora.xtec.cat\/ceip-joan-coret\/primaria\/4t\/castellano-22-abril\/\" title=\"Read Castellano 22 abril\">Llegeix m\u00e9s\u00bb<\/a><\/p>\n","protected":false},"author":3,"featured_media":0,"comment_status":"open","ping_status":"closed","sticky":false,"template":"","format":"standard","meta":{"_bbp_topic_count":0,"_bbp_reply_count":0,"_bbp_total_topic_count":0,"_bbp_total_reply_count":0,"_bbp_voice_count":0,"_bbp_anonymous_reply_count":0,"_bbp_topic_count_hidden":0,"_bbp_reply_count_hidden":0,"_bbp_forum_subforum_count":0,"footnotes":""},"categories":[13],"tags":[92,336],"class_list":["post-3456","post","type-post","status-publish","format-standard","hentry","category-4t","tag-4rt","tag-castellano"],"post_mailing_queue_ids":[],"_links":{"self":[{"href":"https:\/\/agora.xtec.cat\/ceip-joan-coret\/wp-json\/wp\/v2\/posts\/3456","targetHints":{"allow":["GET"]}}],"collection":[{"href":"https:\/\/agora.xtec.cat\/ceip-joan-coret\/wp-json\/wp\/v2\/posts"}],"about":[{"href":"https:\/\/agora.xtec.cat\/ceip-joan-coret\/wp-json\/wp\/v2\/types\/post"}],"author":[{"embeddable":true,"href":"https:\/\/agora.xtec.cat\/ceip-joan-coret\/wp-json\/wp\/v2\/users\/3"}],"replies":[{"embeddable":true,"href":"https:\/\/agora.xtec.cat\/ceip-joan-coret\/wp-json\/wp\/v2\/comments?post=3456"}],"version-history":[{"count":2,"href":"https:\/\/agora.xtec.cat\/ceip-joan-coret\/wp-json\/wp\/v2\/posts\/3456\/revisions"}],"predecessor-version":[{"id":3462,"href":"https:\/\/agora.xtec.cat\/ceip-joan-coret\/wp-json\/wp\/v2\/posts\/3456\/revisions\/3462"}],"wp:attachment":[{"href":"https:\/\/agora.xtec.cat\/ceip-joan-coret\/wp-json\/wp\/v2\/media?parent=3456"}],"wp:term":[{"taxonomy":"category","embeddable":true,"href":"https:\/\/agora.xtec.cat\/ceip-joan-coret\/wp-json\/wp\/v2\/categories?post=3456"},{"taxonomy":"post_tag","embeddable":true,"href":"https:\/\/agora.xtec.cat\/ceip-joan-coret\/wp-json\/wp\/v2\/tags?post=3456"}],"curies":[{"name":"wp","href":"https:\/\/api.w.org\/{rel}","templated":true}]}}