{"id":3415,"date":"2020-04-23T00:00:13","date_gmt":"2020-04-22T22:00:13","guid":{"rendered":"http:\/\/agora.xtec.cat\/ceip-joan-coret\/?p=3415"},"modified":"2020-04-27T10:38:03","modified_gmt":"2020-04-27T08:38:03","slug":"activitat-sant-jordi-2020","status":"publish","type":"post","link":"https:\/\/agora.xtec.cat\/ceip-joan-coret\/primaria\/6e\/activitat-sant-jordi-2020\/","title":{"rendered":"Activitat Sant Jordi 2020"},"content":{"rendered":"<p><span lang=\"ca-ES\">Bon dia nois i noies de 6\u00e8!<\/span><\/p>\n<p><span style=\"font-family: Times New Roman, serif;\"><span style=\"font-size: medium;\"><span style=\"color: #000000;\"><span style=\"font-family: Calibri, serif;\"><span lang=\"ca-ES\">Avui \u00e9s un dia molt especial per a tots i totes perqu\u00e8 \u00e9s Sant Jordi! Tot i que sabem que aquest any ser\u00e0 una diferent ja que no ho podem celebrar plegats, aix\u00f2 no vol dir que no puguem fer coses a casa i passar el dia de la millor manera possible!<\/span><\/span><\/span><\/span><\/span><\/p>\n<p><span style=\"font-family: Times New Roman, serif;\"><span style=\"font-size: medium;\"><span style=\"color: #000000;\"><span style=\"font-family: Calibri, serif;\"><span lang=\"ca-ES\">Aix\u00ed doncs, <\/span><\/span><\/span><span style=\"color: #000000;\"><span style=\"font-family: Calibri, serif;\"><span lang=\"ca-ES\"><u><b>en 1r lloc<\/b><\/u><\/span><\/span><\/span><span style=\"color: #000000;\"><span style=\"font-family: Calibri, serif;\"><span lang=\"ca-ES\">, mireu el v\u00eddeo que us adjuntem en aquest correu&#8230;a veure qu\u00e8 us sembla&#8230; \ud83d\ude09<\/span><\/span><\/span><\/span><\/span><\/p>\n<p style=\"text-align: center;\"><iframe loading=\"lazy\" src=\"\/\/www.youtube.com\/embed\/VBEi3P9TDk0\" width=\"350\" height=\"196\"><\/iframe><\/p>\n<p><span style=\"font-family: Times New Roman, serif;\"><span style=\"font-size: medium;\"><span style=\"color: #000000;\"><span style=\"font-family: Calibri, serif;\"><span lang=\"ca-ES\">Tot seguit, adreceu-vos a aquest enlla\u00e7 web:<\/span><\/span><\/span><\/span><\/span><\/p>\n<p><span style=\"color: #0563c1;\"><u><a href=\"https:\/\/www.liveworksheets.com\/ay150442jr\" target=\"_blank\" rel=\"noopener noreferrer\"><span lang=\"ca-ES\">https:\/\/www.liveworksheets.com\/ay150442jr<\/span><\/a><\/u><\/span><\/p>\n<p><span lang=\"ca-ES\">Aqu\u00ed trobareu una fitxa interactiva que podreu fer des de qualsevol dispositiu (tauleta, m\u00f2bil, ordinador) sense necessitat d\u2019haver-la d\u2019imprimir ni fer cap tasca per escrit, nom\u00e9s resolent les activitats que es plantegen online. <\/span><\/p>\n<p><span lang=\"ca-ES\">Una vegada hagueu contestat l\u2019\u00faltima pregunta, cliqueu: \u00a1TERMINADO!<\/span><\/p>\n<p><span style=\"font-size: medium;\"><span lang=\"ca-ES\">Aleshores, us apareixeran aquestes dues opcions: <\/span><\/span><\/p>\n<p><a href=\"https:\/\/agora.xtec.cat\/ceip-joan-coret\/wp-content\/uploads\/usu1194\/2020\/04\/que-fer-ara.jpg\"><img loading=\"lazy\" decoding=\"async\" class=\"alignnone wp-image-3418\" src=\"https:\/\/agora.xtec.cat\/ceip-joan-coret\/wp-content\/uploads\/usu1194\/2020\/04\/que-fer-ara-300x141.jpg\" alt=\"\" width=\"295\" height=\"139\" srcset=\"https:\/\/agora.xtec.cat\/ceip-joan-coret\/wp-content\/uploads\/usu1194\/2020\/04\/que-fer-ara-300x141.jpg 300w, https:\/\/agora.xtec.cat\/ceip-joan-coret\/wp-content\/uploads\/usu1194\/2020\/04\/que-fer-ara.jpg 652w\" sizes=\"auto, (max-width: 295px) 100vw, 295px\" \/><\/a><\/p>\n<p><span style=\"color: #000000;\"><span style=\"font-size: medium;\"><span lang=\"ca-ES\">Cliqueu l\u2019opci\u00f3: ENVIAR MIS RESPUESTAS A MI PROFESORA<\/span><\/span><\/span><\/p>\n<p lang=\"ca-ES\"><span class=\"sd-abs-pos\">\u00a0<\/span><\/p>\n<p><span style=\"color: #000000;\"><span style=\"font-size: medium;\"><span lang=\"ca-ES\">Tot seguit se us obrir\u00e0 aquesta finestra on haureu d\u2019escriure el vostre NOM, el CURS, CATAL\u00c0 i l\u2019adre\u00e7a de correu electr\u00f2nic on ens l\u2019haureu d\u2019enviar:<\/span><\/span><\/span><\/p>\n<table dir=\"ltr\" width=\"374\" cellspacing=\"0\" cellpadding=\"7\" align=\"right\">\n<colgroup>\n<col width=\"194\" \/>\n<col width=\"151\" \/> <\/colgroup>\n<tbody>\n<tr valign=\"top\">\n<td width=\"194\"><span style=\"color: #000000;\"><span style=\"font-size: medium;\"><span lang=\"ca-ES\">6\u00e8A<\/span><\/span><\/span><\/td>\n<td width=\"151\"><span style=\"color: #000000;\"><span style=\"font-size: medium;\"><span lang=\"ca-ES\">6\u00e8B<\/span><\/span><\/span><\/td>\n<\/tr>\n<tr valign=\"top\">\n<td width=\"194\"><span style=\"color: #0563c1;\"><u><span style=\"font-size: medium;\"><span lang=\"ca-ES\">olgaveraespinosa@gmail.com<\/span><\/span><\/u><\/span><\/td>\n<td width=\"151\"><span style=\"color: #0563c1;\"><u><span style=\"font-size: medium;\"><span lang=\"ca-ES\">sescoba2@xtec.cat<\/span><\/span><\/u><\/span><\/td>\n<\/tr>\n<\/tbody>\n<\/table>\n<p><a href=\"https:\/\/agora.xtec.cat\/ceip-joan-coret\/wp-content\/uploads\/usu1194\/2020\/04\/2.jpg\"><img loading=\"lazy\" decoding=\"async\" class=\"alignnone wp-image-3417\" src=\"https:\/\/agora.xtec.cat\/ceip-joan-coret\/wp-content\/uploads\/usu1194\/2020\/04\/2-300x239.jpg\" alt=\"\" width=\"274\" height=\"218\" srcset=\"https:\/\/agora.xtec.cat\/ceip-joan-coret\/wp-content\/uploads\/usu1194\/2020\/04\/2-300x239.jpg 300w, https:\/\/agora.xtec.cat\/ceip-joan-coret\/wp-content\/uploads\/usu1194\/2020\/04\/2.jpg 589w\" sizes=\"auto, (max-width: 274px) 100vw, 274px\" \/><\/a><\/p>\n<p><span style=\"color: #000000;\"><span style=\"font-size: medium;\"><span lang=\"ca-ES\">Finalment, cliqueu el bot\u00f3 d\u2019enviar i llest!<\/span><\/span><\/span><\/p>\n<div style=\"width: 854px;\" class=\"wp-video\"><!--[if lt IE 9]><script>document.createElement('video');<\/script><![endif]-->\n<video class=\"wp-video-shortcode\" id=\"video-3415-1\" width=\"854\" height=\"480\" preload=\"metadata\" controls=\"controls\"><source type=\"video\/mp4\" src=\"https:\/\/agora.xtec.cat\/ceip-joan-coret\/wp-content\/uploads\/usu1194\/2020\/04\/SANT-Jordi-Cicle-superior.mp4?_=1\" \/><a href=\"https:\/\/agora.xtec.cat\/ceip-joan-coret\/wp-content\/uploads\/usu1194\/2020\/04\/SANT-Jordi-Cicle-superior.mp4\">https:\/\/agora.xtec.cat\/ceip-joan-coret\/wp-content\/uploads\/usu1194\/2020\/04\/SANT-Jordi-Cicle-superior.mp4<\/a><\/video><\/div>\n<p><a href=\"https:\/\/agora.xtec.cat\/ceip-joan-coret\/wp-content\/uploads\/usu1194\/2020\/04\/st-jordi.jpg\"><img loading=\"lazy\" decoding=\"async\" class=\"size-medium wp-image-3416 aligncenter\" src=\"https:\/\/agora.xtec.cat\/ceip-joan-coret\/wp-content\/uploads\/usu1194\/2020\/04\/st-jordi-300x157.jpg\" alt=\"\" width=\"300\" height=\"157\" srcset=\"https:\/\/agora.xtec.cat\/ceip-joan-coret\/wp-content\/uploads\/usu1194\/2020\/04\/st-jordi-300x157.jpg 300w, https:\/\/agora.xtec.cat\/ceip-joan-coret\/wp-content\/uploads\/usu1194\/2020\/04\/st-jordi.jpg 667w\" sizes=\"auto, (max-width: 300px) 100vw, 300px\" \/><\/a><\/p>\n<p>&nbsp;<\/p>\n","protected":false},"excerpt":{"rendered":"<p>Bon dia nois i noies de 6\u00e8!<br \/>\nAvui \u00e9s un dia molt especial per a tots i totes perqu\u00e8 \u00e9s Sant Jordi! Tot i que sabem que aquest any ser\u00e0 una diferent ja que no ho podem celebrar plegats, aix\u00f2 no vol dir que no puguem&hellip;  <a href=\"https:\/\/agora.xtec.cat\/ceip-joan-coret\/primaria\/6e\/activitat-sant-jordi-2020\/\" title=\"Read Activitat Sant Jordi 2020\">Llegeix m\u00e9s\u00bb<\/a><\/p>\n","protected":false},"author":3,"featured_media":0,"comment_status":"open","ping_status":"closed","sticky":false,"template":"","format":"standard","meta":{"_bbp_topic_count":0,"_bbp_reply_count":0,"_bbp_total_topic_count":0,"_bbp_total_reply_count":0,"_bbp_voice_count":0,"_bbp_anonymous_reply_count":0,"_bbp_topic_count_hidden":0,"_bbp_reply_count_hidden":0,"_bbp_forum_subforum_count":0,"footnotes":""},"categories":[15],"tags":[65,114],"class_list":["post-3415","post","type-post","status-publish","format-standard","hentry","category-6e","tag-6e","tag-sant-jordi"],"post_mailing_queue_ids":[],"_links":{"self":[{"href":"https:\/\/agora.xtec.cat\/ceip-joan-coret\/wp-json\/wp\/v2\/posts\/3415","targetHints":{"allow":["GET"]}}],"collection":[{"href":"https:\/\/agora.xtec.cat\/ceip-joan-coret\/wp-json\/wp\/v2\/posts"}],"about":[{"href":"https:\/\/agora.xtec.cat\/ceip-joan-coret\/wp-json\/wp\/v2\/types\/post"}],"author":[{"embeddable":true,"href":"https:\/\/agora.xtec.cat\/ceip-joan-coret\/wp-json\/wp\/v2\/users\/3"}],"replies":[{"embeddable":true,"href":"https:\/\/agora.xtec.cat\/ceip-joan-coret\/wp-json\/wp\/v2\/comments?post=3415"}],"version-history":[{"count":2,"href":"https:\/\/agora.xtec.cat\/ceip-joan-coret\/wp-json\/wp\/v2\/posts\/3415\/revisions"}],"predecessor-version":[{"id":3421,"href":"https:\/\/agora.xtec.cat\/ceip-joan-coret\/wp-json\/wp\/v2\/posts\/3415\/revisions\/3421"}],"wp:attachment":[{"href":"https:\/\/agora.xtec.cat\/ceip-joan-coret\/wp-json\/wp\/v2\/media?parent=3415"}],"wp:term":[{"taxonomy":"category","embeddable":true,"href":"https:\/\/agora.xtec.cat\/ceip-joan-coret\/wp-json\/wp\/v2\/categories?post=3415"},{"taxonomy":"post_tag","embeddable":true,"href":"https:\/\/agora.xtec.cat\/ceip-joan-coret\/wp-json\/wp\/v2\/tags?post=3415"}],"curies":[{"name":"wp","href":"https:\/\/api.w.org\/{rel}","templated":true}]}}