{"id":3318,"date":"2020-04-20T18:42:10","date_gmt":"2020-04-20T16:42:10","guid":{"rendered":"http:\/\/agora.xtec.cat\/ceip-joan-coret\/?p=3318"},"modified":"2020-04-20T18:42:10","modified_gmt":"2020-04-20T16:42:10","slug":"feinetes-taurons-i-dinosaures","status":"publish","type":"post","link":"https:\/\/agora.xtec.cat\/ceip-joan-coret\/general\/feinetes-taurons-i-dinosaures\/","title":{"rendered":"FEINETES TAURONS I DINOSAURES."},"content":{"rendered":"<p>Hola! Com esteu?<\/p>\n<p>Aquesta setmana us proposem treballar al voltant de Sant Jordi, llegint, fent una mica de comprensi\u00f3, manualitats i tamb\u00e9 c\u00e0lcul.<\/p>\n<p>Volem veure fotograf\u00edes amb les vostres produccions i v\u00eddeos llegint! Us animeu?<\/p>\n<p>Un pet\u00f3!<\/p>\n<p>Pilar i Clara<\/p>\n<p><a href=\"https:\/\/agora.xtec.cat\/ceip-joan-coret\/wp-content\/uploads\/usu1194\/2020\/04\/FEINETES-1.jpg\"><img loading=\"lazy\" decoding=\"async\" class=\"alignleft wp-image-3330 size-full\" src=\"https:\/\/agora.xtec.cat\/ceip-joan-coret\/wp-content\/uploads\/usu1194\/2020\/04\/FEINETES-1.jpg\" alt=\"\" width=\"720\" height=\"960\" srcset=\"https:\/\/agora.xtec.cat\/ceip-joan-coret\/wp-content\/uploads\/usu1194\/2020\/04\/FEINETES-1.jpg 720w, https:\/\/agora.xtec.cat\/ceip-joan-coret\/wp-content\/uploads\/usu1194\/2020\/04\/FEINETES-1-225x300.jpg 225w\" sizes=\"auto, (max-width: 720px) 100vw, 720px\" \/><\/a><\/p>\n<table style=\"width: 393px\">\n<tbody>\n<tr>\n<td style=\"width: 387px\"><a href=\"https:\/\/agora.xtec.cat\/ceip-joan-coret\/wp-content\/uploads\/usu1194\/2020\/04\/1-LECTURA-LA-LLEGENDA-DE-SANT-JORDI-1.pdf\">1- LECTURA LA LLEGENDA DE SANT JORDI (1)<\/a><\/p>\n<p><a href=\"https:\/\/agora.xtec.cat\/ceip-joan-coret\/wp-content\/uploads\/usu1194\/2020\/04\/2-Fitxa-V-o-F-frases-comprensi\u00f3-llegenda.pdf\">2- Fitxa V o F frases comprensi\u00f3 llegenda<\/a><\/p>\n<p><a href=\"https:\/\/agora.xtec.cat\/ceip-joan-coret\/wp-content\/uploads\/usu1194\/2020\/04\/3-SOPA-DE-LLETRES-Sant-Jordi.pdf\">3- SOPA DE LLETRES Sant Jordi<\/a><\/p>\n<p><a href=\"https:\/\/agora.xtec.cat\/ceip-joan-coret\/wp-content\/uploads\/usu1194\/2020\/04\/4-Personatges-llegenda-Sant-Jordi-per-retallar-o-pintar.pdf\">4- Personatges llegenda Sant Jordi per retallar o pintar<\/a><\/p>\n<p><a href=\"https:\/\/agora.xtec.cat\/ceip-joan-coret\/wp-content\/uploads\/usu1194\/2020\/04\/cub_nonjordi.pdf\">\u00a05-cub_nonjordi<\/a><\/p>\n<p><a href=\"https:\/\/agora.xtec.cat\/ceip-joan-coret\/wp-content\/uploads\/usu1194\/2020\/04\/Fitxa-proposta-lectura-3-.pdf\">Fitxa proposta lectura -3-<\/a><\/p>\n<p><a href=\"https:\/\/agora.xtec.cat\/ceip-joan-coret\/wp-content\/uploads\/usu1194\/2020\/04\/JOC-DE-C\u00c0LCUL-MENTAL.pdf\">JOC DE C\u00c0LCUL MENTAL<\/a><\/p>\n<p><a href=\"https:\/\/agora.xtec.cat\/ceip-joan-coret\/wp-content\/uploads\/usu1194\/2020\/04\/Restessensepcubs.pdf\">Restessensepcubs<\/a><\/td>\n<\/tr>\n<\/tbody>\n<\/table>\n","protected":false},"excerpt":{"rendered":"<p>Hola! Com esteu?<br \/>\nAquesta setmana us proposem treballar al voltant de Sant Jordi, llegint, fent una mica de comprensi\u00f3, manualitats i tamb\u00e9 c\u00e0lcul.<br \/>\nVolem veure fotograf\u00edes amb les vostres produccions i v\u00eddeos llegint! Us animeu?<br \/>\nUn pet\u00f3!<br \/>\nPilar i Clara<br \/>\n<a href=\"https:\/\/agora.xtec.cat\/ceip-joan-coret\/wp-content\/uploads\/usu1194\/2020\/04\/FEINETES-1.jpg\"><\/a><\/p>\n<p><a href=\"https:\/\/agora.xtec.cat\/ceip-joan-coret\/wp-content\/uploads\/usu1194\/2020\/04\/1-LECTURA-LA-LLEGENDA-DE-SANT-JORDI-1.pdf\">1- LECTURA LA LLEGENDA DE SANT JORDI (1)<\/a><br \/>\n<a&hellip;  <a href=\"https:\/\/agora.xtec.cat\/ceip-joan-coret\/general\/feinetes-taurons-i-dinosaures\/\" title=\"Read FEINETES TAURONS I DINOSAURES.\">Llegeix m\u00e9s\u00bb<\/a><\/p>\n","protected":false},"author":2,"featured_media":1023,"comment_status":"open","ping_status":"closed","sticky":false,"template":"","format":"standard","meta":{"_bbp_topic_count":0,"_bbp_reply_count":0,"_bbp_total_topic_count":0,"_bbp_total_reply_count":0,"_bbp_voice_count":0,"_bbp_anonymous_reply_count":0,"_bbp_topic_count_hidden":0,"_bbp_reply_count_hidden":0,"_bbp_forum_subforum_count":0,"footnotes":""},"categories":[11,1],"tags":[],"class_list":["post-3318","post","type-post","status-publish","format-standard","has-post-thumbnail","hentry","category-2n","category-general"],"post_mailing_queue_ids":[],"_links":{"self":[{"href":"https:\/\/agora.xtec.cat\/ceip-joan-coret\/wp-json\/wp\/v2\/posts\/3318","targetHints":{"allow":["GET"]}}],"collection":[{"href":"https:\/\/agora.xtec.cat\/ceip-joan-coret\/wp-json\/wp\/v2\/posts"}],"about":[{"href":"https:\/\/agora.xtec.cat\/ceip-joan-coret\/wp-json\/wp\/v2\/types\/post"}],"author":[{"embeddable":true,"href":"https:\/\/agora.xtec.cat\/ceip-joan-coret\/wp-json\/wp\/v2\/users\/2"}],"replies":[{"embeddable":true,"href":"https:\/\/agora.xtec.cat\/ceip-joan-coret\/wp-json\/wp\/v2\/comments?post=3318"}],"version-history":[{"count":3,"href":"https:\/\/agora.xtec.cat\/ceip-joan-coret\/wp-json\/wp\/v2\/posts\/3318\/revisions"}],"predecessor-version":[{"id":3334,"href":"https:\/\/agora.xtec.cat\/ceip-joan-coret\/wp-json\/wp\/v2\/posts\/3318\/revisions\/3334"}],"wp:featuredmedia":[{"embeddable":true,"href":"https:\/\/agora.xtec.cat\/ceip-joan-coret\/wp-json\/wp\/v2\/media\/1023"}],"wp:attachment":[{"href":"https:\/\/agora.xtec.cat\/ceip-joan-coret\/wp-json\/wp\/v2\/media?parent=3318"}],"wp:term":[{"taxonomy":"category","embeddable":true,"href":"https:\/\/agora.xtec.cat\/ceip-joan-coret\/wp-json\/wp\/v2\/categories?post=3318"},{"taxonomy":"post_tag","embeddable":true,"href":"https:\/\/agora.xtec.cat\/ceip-joan-coret\/wp-json\/wp\/v2\/tags?post=3318"}],"curies":[{"name":"wp","href":"https:\/\/api.w.org\/{rel}","templated":true}]}}