{"id":3312,"date":"2020-04-20T13:53:12","date_gmt":"2020-04-20T11:53:12","guid":{"rendered":"http:\/\/agora.xtec.cat\/ceip-joan-coret\/?p=3312"},"modified":"2020-04-20T13:53:12","modified_gmt":"2020-04-20T11:53:12","slug":"pels-meus-musics","status":"publish","type":"post","link":"https:\/\/agora.xtec.cat\/ceip-joan-coret\/infantil\/i4\/pels-meus-musics\/","title":{"rendered":"PELS MEUS MUSICS!"},"content":{"rendered":"<p>Bon dia a tots i totes, com esteu?<\/p>\n<p>Queda molt poquet per celebrar Sant Jordi. Qu\u00e8 millor que fer-ho cantant, no us sembla? Aquesta setmana aprendrem una can\u00e7\u00f3 sobre la llegenda de Sant Jordi. Tamb\u00e9 us deixo uns enlla\u00e7os per treballar aquests dies la m\u00fasica d\u2019una manera molt divertida.<\/p>\n<p>Ja sabeu que ara ens toca estar i treballar des de casa, per aix\u00f2 cada setmana us anir\u00e9 plantejant una s\u00e8rie d\u2019activitats per a qu\u00e8 les feu.<\/p>\n<p>Espero els vostres v\u00eddeos!<\/p>\n<p><a href=\"https:\/\/agora.xtec.cat\/ceip-joan-coret\/wp-content\/uploads\/usu1194\/2020\/04\/TASQUES-EI-20.04.doc\">TASQUES EI 20.04<\/a><\/p>\n<p><a href=\"https:\/\/agora.xtec.cat\/ceip-joan-coret\/wp-content\/uploads\/usu1194\/2020\/04\/TASQUES-EI-20.04.pdf\">TASQUES EI 20.04<\/a><\/p>\n","protected":false},"excerpt":{"rendered":"<p>Bon dia a tots i totes, com esteu?<br \/>\nQueda molt poquet per celebrar Sant Jordi. Qu\u00e8 millor que fer-ho cantant, no us sembla? Aquesta setmana aprendrem una can\u00e7\u00f3 sobre la llegenda de Sant Jordi. Tamb\u00e9 us deixo uns enlla\u00e7os per treballar aquests dies la m\u00fasica d\u2019una&hellip;  <a href=\"https:\/\/agora.xtec.cat\/ceip-joan-coret\/infantil\/i4\/pels-meus-musics\/\" title=\"Read PELS MEUS MUSICS!\">Llegeix m\u00e9s\u00bb<\/a><\/p>\n","protected":false},"author":69,"featured_media":0,"comment_status":"open","ping_status":"closed","sticky":false,"template":"","format":"standard","meta":{"_bbp_topic_count":0,"_bbp_reply_count":0,"_bbp_total_topic_count":0,"_bbp_total_reply_count":0,"_bbp_voice_count":0,"_bbp_anonymous_reply_count":0,"_bbp_topic_count_hidden":0,"_bbp_reply_count_hidden":0,"_bbp_forum_subforum_count":0,"footnotes":""},"categories":[8,9,60,61],"tags":[],"class_list":["post-3312","post","type-post","status-publish","format-standard","hentry","category-i4","category-i5","category-musica","category-musica-primaria"],"post_mailing_queue_ids":[],"_links":{"self":[{"href":"https:\/\/agora.xtec.cat\/ceip-joan-coret\/wp-json\/wp\/v2\/posts\/3312","targetHints":{"allow":["GET"]}}],"collection":[{"href":"https:\/\/agora.xtec.cat\/ceip-joan-coret\/wp-json\/wp\/v2\/posts"}],"about":[{"href":"https:\/\/agora.xtec.cat\/ceip-joan-coret\/wp-json\/wp\/v2\/types\/post"}],"author":[{"embeddable":true,"href":"https:\/\/agora.xtec.cat\/ceip-joan-coret\/wp-json\/wp\/v2\/users\/69"}],"replies":[{"embeddable":true,"href":"https:\/\/agora.xtec.cat\/ceip-joan-coret\/wp-json\/wp\/v2\/comments?post=3312"}],"version-history":[{"count":1,"href":"https:\/\/agora.xtec.cat\/ceip-joan-coret\/wp-json\/wp\/v2\/posts\/3312\/revisions"}],"predecessor-version":[{"id":3315,"href":"https:\/\/agora.xtec.cat\/ceip-joan-coret\/wp-json\/wp\/v2\/posts\/3312\/revisions\/3315"}],"wp:attachment":[{"href":"https:\/\/agora.xtec.cat\/ceip-joan-coret\/wp-json\/wp\/v2\/media?parent=3312"}],"wp:term":[{"taxonomy":"category","embeddable":true,"href":"https:\/\/agora.xtec.cat\/ceip-joan-coret\/wp-json\/wp\/v2\/categories?post=3312"},{"taxonomy":"post_tag","embeddable":true,"href":"https:\/\/agora.xtec.cat\/ceip-joan-coret\/wp-json\/wp\/v2\/tags?post=3312"}],"curies":[{"name":"wp","href":"https:\/\/api.w.org\/{rel}","templated":true}]}}