{"id":3308,"date":"2020-04-20T13:33:15","date_gmt":"2020-04-20T11:33:15","guid":{"rendered":"http:\/\/agora.xtec.cat\/ceip-joan-coret\/?p=3308"},"modified":"2020-04-20T13:35:04","modified_gmt":"2020-04-20T11:35:04","slug":"musica-20-04","status":"publish","type":"post","link":"https:\/\/agora.xtec.cat\/ceip-joan-coret\/general\/musica-20-04\/","title":{"rendered":"M\u00daSICA 20\/04"},"content":{"rendered":"<p>Bon dia a tothom!<\/p>\n<p style=\"font-weight: 400\">Comen\u00e7arem la setmana aprenent una can\u00e7\u00f3 sobre la llegenda de Sant Jordi. Tamb\u00e9 us deixo un parell d\u2019enlla\u00e7os per treballar aquests dies la m\u00fasica d\u2019una manera molt divertida.<\/p>\n<p>Espero els vostres v\u00eddeos!<\/p>\n<p style=\"font-weight: 400\"><a href=\"https:\/\/agora.xtec.cat\/ceip-joan-coret\/wp-content\/uploads\/usu1194\/2020\/04\/TASQUES-CI-20.04.doc\">TASQUES CI 20.04<\/a><\/p>\n<p style=\"font-weight: 400\"><a href=\"https:\/\/agora.xtec.cat\/ceip-joan-coret\/wp-content\/uploads\/usu1194\/2020\/04\/TASQUES-CI-20.04.pdf\">TASQUES CI 20.04<\/a><\/p>\n<p style=\"font-weight: 400\">\n","protected":false},"excerpt":{"rendered":"<p>Bon dia a tothom!<br \/>\nComen\u00e7arem la setmana aprenent una can\u00e7\u00f3 sobre la llegenda de Sant Jordi. Tamb\u00e9 us deixo un parell d\u2019enlla\u00e7os per treballar aquests dies la m\u00fasica d\u2019una manera molt divertida.<br \/>\nEspero els vostres v\u00eddeos!<br \/>\n<a href=\"https:\/\/agora.xtec.cat\/ceip-joan-coret\/wp-content\/uploads\/usu1194\/2020\/04\/TASQUES-CI-20.04.doc\">TASQUES CI 20.04<\/a><br \/>\n<a href=\"https:\/\/agora.xtec.cat\/ceip-joan-coret\/wp-content\/uploads\/usu1194\/2020\/04\/TASQUES-CI-20.04.pdf\">TASQUES CI 20.04<\/a><\/p>\n","protected":false},"author":69,"featured_media":0,"comment_status":"open","ping_status":"closed","sticky":false,"template":"","format":"standard","meta":{"_bbp_topic_count":0,"_bbp_reply_count":0,"_bbp_total_topic_count":0,"_bbp_total_reply_count":0,"_bbp_voice_count":0,"_bbp_anonymous_reply_count":0,"_bbp_topic_count_hidden":0,"_bbp_reply_count_hidden":0,"_bbp_forum_subforum_count":0,"footnotes":""},"categories":[10,11,1,60,61],"tags":[],"class_list":["post-3308","post","type-post","status-publish","format-standard","hentry","category-1r","category-2n","category-general","category-musica","category-musica-primaria"],"post_mailing_queue_ids":[],"_links":{"self":[{"href":"https:\/\/agora.xtec.cat\/ceip-joan-coret\/wp-json\/wp\/v2\/posts\/3308","targetHints":{"allow":["GET"]}}],"collection":[{"href":"https:\/\/agora.xtec.cat\/ceip-joan-coret\/wp-json\/wp\/v2\/posts"}],"about":[{"href":"https:\/\/agora.xtec.cat\/ceip-joan-coret\/wp-json\/wp\/v2\/types\/post"}],"author":[{"embeddable":true,"href":"https:\/\/agora.xtec.cat\/ceip-joan-coret\/wp-json\/wp\/v2\/users\/69"}],"replies":[{"embeddable":true,"href":"https:\/\/agora.xtec.cat\/ceip-joan-coret\/wp-json\/wp\/v2\/comments?post=3308"}],"version-history":[{"count":1,"href":"https:\/\/agora.xtec.cat\/ceip-joan-coret\/wp-json\/wp\/v2\/posts\/3308\/revisions"}],"predecessor-version":[{"id":3311,"href":"https:\/\/agora.xtec.cat\/ceip-joan-coret\/wp-json\/wp\/v2\/posts\/3308\/revisions\/3311"}],"wp:attachment":[{"href":"https:\/\/agora.xtec.cat\/ceip-joan-coret\/wp-json\/wp\/v2\/media?parent=3308"}],"wp:term":[{"taxonomy":"category","embeddable":true,"href":"https:\/\/agora.xtec.cat\/ceip-joan-coret\/wp-json\/wp\/v2\/categories?post=3308"},{"taxonomy":"post_tag","embeddable":true,"href":"https:\/\/agora.xtec.cat\/ceip-joan-coret\/wp-json\/wp\/v2\/tags?post=3308"}],"curies":[{"name":"wp","href":"https:\/\/api.w.org\/{rel}","templated":true}]}}