{"id":3300,"date":"2020-04-20T13:24:31","date_gmt":"2020-04-20T11:24:31","guid":{"rendered":"http:\/\/agora.xtec.cat\/ceip-joan-coret\/?p=3300"},"modified":"2020-04-20T13:26:20","modified_gmt":"2020-04-20T11:26:20","slug":"comencem-a-fer-musica-3","status":"publish","type":"post","link":"https:\/\/agora.xtec.cat\/ceip-joan-coret\/primaria\/3r\/comencem-a-fer-musica-3\/","title":{"rendered":"COMENCEM A FER M\u00daSICA!"},"content":{"rendered":"<p style=\"font-weight: 400\">Bon dia a tothom, com esteu?<\/p>\n<p style=\"font-weight: 400\">Cada\u00a0<strong>dilluns<\/strong> us far\u00e9 arribar una s\u00e8rie d\u2019activitats per a qu\u00e8 les feu.<\/p>\n<p style=\"font-weight: 400\">Aquesta setmana aprendrem una can\u00e7\u00f3 sobre la llegenda de Sant Jordi i farem lectura de ritmes. Tamb\u00e9 us deixo un parell d\u2019enlla\u00e7os per treballar aquests dies la m\u00fasica d\u2019una manera molt divertida.<\/p>\n<p style=\"font-weight: 400\">D\u2019ara en endavant, si es tracta de fitxes, podeu respondre-les al mateix document o escriure les respostes en un paper, fer una fotografia i enviar-me-la. Podreu lliurar sempre les tasques fins el dilluns seg\u00fcent.<\/p>\n<p style=\"font-weight: 400\">Espero els vostres v\u00eddeos!<\/p>\n<p style=\"font-weight: 400\"><a href=\"https:\/\/agora.xtec.cat\/ceip-joan-coret\/wp-content\/uploads\/usu1194\/2020\/04\/TASQUES-CM-20.04.pdf\">TASQUES CM 20.04<\/a><\/p>\n<p style=\"font-weight: 400\"><a href=\"https:\/\/agora.xtec.cat\/ceip-joan-coret\/wp-content\/uploads\/usu1194\/2020\/04\/TASQUES-CM-20.04.doc\">TASQUES CM 20.04<\/a><\/p>\n","protected":false},"excerpt":{"rendered":"<p>Bon dia a tothom, com esteu?<br \/>\nCada\u00a0dilluns us far\u00e9 arribar una s\u00e8rie d\u2019activitats per a qu\u00e8 les feu.<br \/>\nAquesta setmana aprendrem una can\u00e7\u00f3 sobre la llegenda de Sant Jordi i farem lectura de ritmes. Tamb\u00e9 us deixo un parell d\u2019enlla\u00e7os per treballar aquests dies la m\u00fasica d\u2019una&hellip;  <a href=\"https:\/\/agora.xtec.cat\/ceip-joan-coret\/primaria\/3r\/comencem-a-fer-musica-3\/\" title=\"Read COMENCEM A FER M\u00daSICA!\">Llegeix m\u00e9s\u00bb<\/a><\/p>\n","protected":false},"author":69,"featured_media":0,"comment_status":"open","ping_status":"closed","sticky":false,"template":"","format":"standard","meta":{"_bbp_topic_count":0,"_bbp_reply_count":0,"_bbp_total_topic_count":0,"_bbp_total_reply_count":0,"_bbp_voice_count":0,"_bbp_anonymous_reply_count":0,"_bbp_topic_count_hidden":0,"_bbp_reply_count_hidden":0,"_bbp_forum_subforum_count":0,"footnotes":""},"categories":[12,13,60,61],"tags":[],"class_list":["post-3300","post","type-post","status-publish","format-standard","hentry","category-3r","category-4t","category-musica","category-musica-primaria"],"post_mailing_queue_ids":[],"_links":{"self":[{"href":"https:\/\/agora.xtec.cat\/ceip-joan-coret\/wp-json\/wp\/v2\/posts\/3300","targetHints":{"allow":["GET"]}}],"collection":[{"href":"https:\/\/agora.xtec.cat\/ceip-joan-coret\/wp-json\/wp\/v2\/posts"}],"about":[{"href":"https:\/\/agora.xtec.cat\/ceip-joan-coret\/wp-json\/wp\/v2\/types\/post"}],"author":[{"embeddable":true,"href":"https:\/\/agora.xtec.cat\/ceip-joan-coret\/wp-json\/wp\/v2\/users\/69"}],"replies":[{"embeddable":true,"href":"https:\/\/agora.xtec.cat\/ceip-joan-coret\/wp-json\/wp\/v2\/comments?post=3300"}],"version-history":[{"count":3,"href":"https:\/\/agora.xtec.cat\/ceip-joan-coret\/wp-json\/wp\/v2\/posts\/3300\/revisions"}],"predecessor-version":[{"id":3305,"href":"https:\/\/agora.xtec.cat\/ceip-joan-coret\/wp-json\/wp\/v2\/posts\/3300\/revisions\/3305"}],"wp:attachment":[{"href":"https:\/\/agora.xtec.cat\/ceip-joan-coret\/wp-json\/wp\/v2\/media?parent=3300"}],"wp:term":[{"taxonomy":"category","embeddable":true,"href":"https:\/\/agora.xtec.cat\/ceip-joan-coret\/wp-json\/wp\/v2\/categories?post=3300"},{"taxonomy":"post_tag","embeddable":true,"href":"https:\/\/agora.xtec.cat\/ceip-joan-coret\/wp-json\/wp\/v2\/tags?post=3300"}],"curies":[{"name":"wp","href":"https:\/\/api.w.org\/{rel}","templated":true}]}}