{"id":3295,"date":"2020-04-20T13:11:08","date_gmt":"2020-04-20T11:11:08","guid":{"rendered":"http:\/\/agora.xtec.cat\/ceip-joan-coret\/?p=3295"},"modified":"2020-04-20T13:36:01","modified_gmt":"2020-04-20T11:36:01","slug":"dilluns-de-mates-20-04","status":"publish","type":"post","link":"https:\/\/agora.xtec.cat\/ceip-joan-coret\/primaria\/5e\/dilluns-de-mates-20-04\/","title":{"rendered":"Dilluns de mates 20\/04"},"content":{"rendered":"<p>Bon dia a tots i totes.<\/p>\n<div>Espero que estigueu molt b\u00e9, encara que el dia \u00e9s una mica gris, li hem de posar color.<\/div>\n<div><\/div>\n<div>Us envio les tasques que haureu de fer de matem\u00e0tiques al llarg d&#8217;aquesta setmana. Quan les tingueu fetes les poseu a la vostra carpeta del Drive a Matem\u00e0tiques.<\/div>\n<div><\/div>\n<div>Una \u00e9s el control que ja ten\u00edem preparat per abans de marxar, que us servir\u00e0 de rep\u00e0s de tot el tema. Repasseu una mica tot el dossier i despr\u00e9s intenteu fer-lo sols, nom\u00e9s amb l&#8217;ajuda per sin\u00f3 enteneu alguna cosa, com sempre fem a classe. A veure qu\u00e8 tal.<\/div>\n<div><\/div>\n<div>Control:\u00a0 \u00a0 <a href=\"https:\/\/agora.xtec.cat\/ceip-joan-coret\/wp-content\/uploads\/usu1194\/2020\/04\/control-unitat-9.docx\">control unitat 9<\/a><\/div>\n<div><\/div>\n<div>La segona activitat \u00e9s d&#8217;un\u00a0 pl\u00e0nol, molt senzilla, ja veureu i al final hi ha un un enlla\u00e7 perqu\u00e8 feu unes activitats on line, un cop acabada, podeu veure la soluci\u00f3. A veure qu\u00e8 tal funciona aquest programa!!!<\/div>\n<div><\/div>\n<div>Pl\u00e0nol:\u00a0 \u00a0 <a href=\"https:\/\/agora.xtec.cat\/ceip-joan-coret\/wp-content\/uploads\/usu1194\/2020\/04\/Activitat-pl\u00e0nol.docx\">Activitat pl\u00e0nol<\/a><\/div>\n<div><\/div>\n<div>Vinga endavant amb la setmana!!!<\/div>\n<div><\/div>\n<div>Una abra\u00e7ada.<\/div>\n<div><\/div>\n<div><\/div>\n<div>Pilar i Manel<\/div>\n","protected":false},"excerpt":{"rendered":"<p>Bon dia a tots i totes.<br \/>\nEspero que estigueu molt b\u00e9, encara que el dia \u00e9s una mica gris, li hem de posar color.<\/p>\n<p>Us envio les tasques que haureu de fer de matem\u00e0tiques al llarg d&#8217;aquesta setmana. Quan les tingueu fetes les poseu a la vostra&hellip;  <a href=\"https:\/\/agora.xtec.cat\/ceip-joan-coret\/primaria\/5e\/dilluns-de-mates-20-04\/\" title=\"Read Dilluns de mates 20\/04\">Llegeix m\u00e9s\u00bb<\/a><\/p>\n","protected":false},"author":3,"featured_media":0,"comment_status":"open","ping_status":"closed","sticky":false,"template":"","format":"standard","meta":{"_bbp_topic_count":0,"_bbp_reply_count":0,"_bbp_total_topic_count":0,"_bbp_total_reply_count":0,"_bbp_voice_count":0,"_bbp_anonymous_reply_count":0,"_bbp_topic_count_hidden":0,"_bbp_reply_count_hidden":0,"_bbp_forum_subforum_count":0,"footnotes":""},"categories":[14],"tags":[338,68,247],"class_list":["post-3295","post","type-post","status-publish","format-standard","hentry","category-5e","tag-20-04","tag-5e","tag-matematiques"],"post_mailing_queue_ids":[],"_links":{"self":[{"href":"https:\/\/agora.xtec.cat\/ceip-joan-coret\/wp-json\/wp\/v2\/posts\/3295","targetHints":{"allow":["GET"]}}],"collection":[{"href":"https:\/\/agora.xtec.cat\/ceip-joan-coret\/wp-json\/wp\/v2\/posts"}],"about":[{"href":"https:\/\/agora.xtec.cat\/ceip-joan-coret\/wp-json\/wp\/v2\/types\/post"}],"author":[{"embeddable":true,"href":"https:\/\/agora.xtec.cat\/ceip-joan-coret\/wp-json\/wp\/v2\/users\/3"}],"replies":[{"embeddable":true,"href":"https:\/\/agora.xtec.cat\/ceip-joan-coret\/wp-json\/wp\/v2\/comments?post=3295"}],"version-history":[{"count":1,"href":"https:\/\/agora.xtec.cat\/ceip-joan-coret\/wp-json\/wp\/v2\/posts\/3295\/revisions"}],"predecessor-version":[{"id":3298,"href":"https:\/\/agora.xtec.cat\/ceip-joan-coret\/wp-json\/wp\/v2\/posts\/3295\/revisions\/3298"}],"wp:attachment":[{"href":"https:\/\/agora.xtec.cat\/ceip-joan-coret\/wp-json\/wp\/v2\/media?parent=3295"}],"wp:term":[{"taxonomy":"category","embeddable":true,"href":"https:\/\/agora.xtec.cat\/ceip-joan-coret\/wp-json\/wp\/v2\/categories?post=3295"},{"taxonomy":"post_tag","embeddable":true,"href":"https:\/\/agora.xtec.cat\/ceip-joan-coret\/wp-json\/wp\/v2\/tags?post=3295"}],"curies":[{"name":"wp","href":"https:\/\/api.w.org\/{rel}","templated":true}]}}