{"id":3283,"date":"2020-04-20T10:30:40","date_gmt":"2020-04-20T08:30:40","guid":{"rendered":"http:\/\/agora.xtec.cat\/ceip-joan-coret\/?p=3283"},"modified":"2020-04-20T10:32:59","modified_gmt":"2020-04-20T08:32:59","slug":"matematiques-20-dabril","status":"publish","type":"post","link":"https:\/\/agora.xtec.cat\/ceip-joan-coret\/general\/matematiques-20-dabril\/","title":{"rendered":"Matem\u00e0tiques 20 d&#8217;abril"},"content":{"rendered":"<p dir=\"ltr\">Bon dia, nois i noies de 6\u00e8,<\/p>\n<p dir=\"ltr\">Comencem una nova setmana i, per tant, una setmana menys de confinament!<\/p>\n<p dir=\"ltr\">Avui toca feina de matem\u00e0tiques, i com que vam deixar el dossier 4 sense avaluar, us hem preparat unes activitats finals d\u2019aquest tema, per tal de repassar-lo i refor\u00e7ar-lo. Si encara no el teniu fet, munteu el dossier i aix\u00ed, si teniu qualsevol dubte, sempre el podreu consultar.<\/p>\n<p dir=\"ltr\">Tal com vam fer dijous passat, us enviem la feina en WORD, per si voleu treballar sobre el document, i en PDF, per si es desquadra alguna cosa. Recordeu tamb\u00e9 que ens podeu enviar la feina a partir de foto o d\u2019all\u00f2 que us vagi millor. Podeu fer la feina en un full a part, al mateix full&#8230;Aix\u00f2 si, necessitem veure les operacions en aquelles activitats en que s\u2019hagin de fer.<\/p>\n<p dir=\"ltr\">Quan tingueu la feina enllestida, la pengeu a la vostra carpeta del DRIVE a MATEM\u00c0TIQUES. Per tal de facilitar l\u2019organitzaci\u00f3 de les mateixes, ens aniria b\u00e9 que el nom del document contingu\u00e9s la data, \u00e9s a dir, 20 d\u2019ABRIL.<\/p>\n<p dir=\"ltr\">Ara que teniu temps, feu la feina amb calma, el millor que pugueu que&#8230;prenem nota! <img decoding=\"async\" class=\"CToWUd\" src=\"https:\/\/mail.google.com\/mail\/e\/263a\" alt=\"\u263a\" data-goomoji=\"263a\" data-image-whitelisted=\"\" \/><\/p>\n<p dir=\"ltr\" style=\"text-align: left;\">Molts \u00e0nims i bona feina!<\/p>\n<table class=\" aligncenter\" style=\"width: 187px;\">\n<tbody>\n<tr>\n<td style=\"width: 94px;\"><span style=\"font-size: 16px;\">Arxiu doc:<\/span><\/td>\n<td style=\"width: 85px;\">Arxiu pdf:<\/td>\n<\/tr>\n<tr>\n<td style=\"width: 94px;\"><a href=\"https:\/\/agora.xtec.cat\/ceip-joan-coret\/wp-content\/uploads\/usu1194\/2020\/04\/Act.Finals.docx\" target=\"_blank\" rel=\"noopener noreferrer\">Act.Finals<\/a><\/td>\n<td style=\"width: 85px; text-align: center;\"><a href=\"https:\/\/agora.xtec.cat\/ceip-joan-coret\/wp-content\/uploads\/usu1194\/2020\/04\/Act.Finals.pdf\" target=\"_blank\" rel=\"noopener noreferrer\">Act.Finals<\/a><\/td>\n<\/tr>\n<\/tbody>\n<\/table>\n<p>PD: recordeu que podeu enviar-nos les vostres fotos matem\u00e0tiques. El concurs continua endavant!<\/p>\n<p>&nbsp;<\/p>\n<p dir=\"ltr\">Sonia i Olga<\/p>\n","protected":false},"excerpt":{"rendered":"<p>Bon dia, nois i noies de 6\u00e8,<br \/>\nComencem una nova setmana i, per tant, una setmana menys de confinament!<br \/>\nAvui toca feina de matem\u00e0tiques, i com que vam deixar el dossier 4 sense avaluar, us hem preparat unes activitats finals d\u2019aquest tema, per tal de repassar-lo i&hellip;  <a href=\"https:\/\/agora.xtec.cat\/ceip-joan-coret\/general\/matematiques-20-dabril\/\" title=\"Read Matem\u00e0tiques 20 d&#8217;abril\">Llegeix m\u00e9s\u00bb<\/a><\/p>\n","protected":false},"author":3,"featured_media":0,"comment_status":"open","ping_status":"closed","sticky":false,"template":"","format":"standard","meta":{"_bbp_topic_count":0,"_bbp_reply_count":0,"_bbp_total_topic_count":0,"_bbp_total_reply_count":0,"_bbp_voice_count":0,"_bbp_anonymous_reply_count":0,"_bbp_topic_count_hidden":0,"_bbp_reply_count_hidden":0,"_bbp_forum_subforum_count":0,"footnotes":""},"categories":[15,1],"tags":[337,65,247],"class_list":["post-3283","post","type-post","status-publish","format-standard","hentry","category-6e","category-general","tag-20-abril","tag-6e","tag-matematiques"],"post_mailing_queue_ids":[],"_links":{"self":[{"href":"https:\/\/agora.xtec.cat\/ceip-joan-coret\/wp-json\/wp\/v2\/posts\/3283","targetHints":{"allow":["GET"]}}],"collection":[{"href":"https:\/\/agora.xtec.cat\/ceip-joan-coret\/wp-json\/wp\/v2\/posts"}],"about":[{"href":"https:\/\/agora.xtec.cat\/ceip-joan-coret\/wp-json\/wp\/v2\/types\/post"}],"author":[{"embeddable":true,"href":"https:\/\/agora.xtec.cat\/ceip-joan-coret\/wp-json\/wp\/v2\/users\/3"}],"replies":[{"embeddable":true,"href":"https:\/\/agora.xtec.cat\/ceip-joan-coret\/wp-json\/wp\/v2\/comments?post=3283"}],"version-history":[{"count":2,"href":"https:\/\/agora.xtec.cat\/ceip-joan-coret\/wp-json\/wp\/v2\/posts\/3283\/revisions"}],"predecessor-version":[{"id":3290,"href":"https:\/\/agora.xtec.cat\/ceip-joan-coret\/wp-json\/wp\/v2\/posts\/3283\/revisions\/3290"}],"wp:attachment":[{"href":"https:\/\/agora.xtec.cat\/ceip-joan-coret\/wp-json\/wp\/v2\/media?parent=3283"}],"wp:term":[{"taxonomy":"category","embeddable":true,"href":"https:\/\/agora.xtec.cat\/ceip-joan-coret\/wp-json\/wp\/v2\/categories?post=3283"},{"taxonomy":"post_tag","embeddable":true,"href":"https:\/\/agora.xtec.cat\/ceip-joan-coret\/wp-json\/wp\/v2\/tags?post=3283"}],"curies":[{"name":"wp","href":"https:\/\/api.w.org\/{rel}","templated":true}]}}