{"id":3242,"date":"2020-04-16T14:19:19","date_gmt":"2020-04-16T12:19:19","guid":{"rendered":"http:\/\/agora.xtec.cat\/ceip-joan-coret\/?p=3242"},"modified":"2020-04-16T14:23:51","modified_gmt":"2020-04-16T12:23:51","slug":"comencem-a-fer-musica-2","status":"publish","type":"post","link":"https:\/\/agora.xtec.cat\/ceip-joan-coret\/primaria\/5e\/comencem-a-fer-musica-2\/","title":{"rendered":"Comencem a fer m\u00fasica"},"content":{"rendered":"<p>Bon dia a tothom, comencem a fer m\u00fasica.<\/p>\n<p>Cada setmana us far\u00e9 arribar una s\u00e8rie d\u2019activitats per a qu\u00e8 les feu. Aquests dies aprendrem una can\u00e7\u00f3 i el seu acompanyament r\u00edtmic amb gots: <a href=\"https:\/\/agora.xtec.cat\/ceip-joan-coret\/wp-content\/uploads\/usu1194\/2020\/04\/CS-16.04.pdf\">TASCA 1<\/a><\/p>\n<p>D\u2019ara en endavant, si es tracta de fitxes, podeu respondre-les al mateix document o escriure les respostes en un paper, fer una fotografia i enviar-me-la.<\/p>\n<p>Si us plau, feu-me un petit v\u00eddeo on pugui veure com interpreteu la can\u00e7\u00f3 i el seu acompanyament r\u00edtmic.<\/p>\n<p>Espero els vostres v\u00eddeos!<\/p>\n","protected":false},"excerpt":{"rendered":"<p>Bon dia a tothom, comencem a fer m\u00fasica.<br \/>\nCada setmana us far\u00e9 arribar una s\u00e8rie d\u2019activitats per a qu\u00e8 les feu. Aquests dies aprendrem una can\u00e7\u00f3 i el seu acompanyament r\u00edtmic amb gots: <a href=\"https:\/\/agora.xtec.cat\/ceip-joan-coret\/wp-content\/uploads\/usu1194\/2020\/04\/CS-16.04.pdf\">TASCA 1<\/a><br \/>\nD\u2019ara en endavant, si es tracta de fitxes, podeu respondre-les al&hellip;  <a href=\"https:\/\/agora.xtec.cat\/ceip-joan-coret\/primaria\/5e\/comencem-a-fer-musica-2\/\" title=\"Read Comencem a fer m\u00fasica\">Llegeix m\u00e9s\u00bb<\/a><\/p>\n","protected":false},"author":69,"featured_media":0,"comment_status":"open","ping_status":"closed","sticky":false,"template":"","format":"standard","meta":{"_bbp_topic_count":0,"_bbp_reply_count":0,"_bbp_total_topic_count":0,"_bbp_total_reply_count":0,"_bbp_voice_count":0,"_bbp_anonymous_reply_count":0,"_bbp_topic_count_hidden":0,"_bbp_reply_count_hidden":0,"_bbp_forum_subforum_count":0,"footnotes":""},"categories":[14,15,60,61],"tags":[],"class_list":["post-3242","post","type-post","status-publish","format-standard","hentry","category-5e","category-6e","category-musica","category-musica-primaria"],"post_mailing_queue_ids":[],"_links":{"self":[{"href":"https:\/\/agora.xtec.cat\/ceip-joan-coret\/wp-json\/wp\/v2\/posts\/3242","targetHints":{"allow":["GET"]}}],"collection":[{"href":"https:\/\/agora.xtec.cat\/ceip-joan-coret\/wp-json\/wp\/v2\/posts"}],"about":[{"href":"https:\/\/agora.xtec.cat\/ceip-joan-coret\/wp-json\/wp\/v2\/types\/post"}],"author":[{"embeddable":true,"href":"https:\/\/agora.xtec.cat\/ceip-joan-coret\/wp-json\/wp\/v2\/users\/69"}],"replies":[{"embeddable":true,"href":"https:\/\/agora.xtec.cat\/ceip-joan-coret\/wp-json\/wp\/v2\/comments?post=3242"}],"version-history":[{"count":2,"href":"https:\/\/agora.xtec.cat\/ceip-joan-coret\/wp-json\/wp\/v2\/posts\/3242\/revisions"}],"predecessor-version":[{"id":3245,"href":"https:\/\/agora.xtec.cat\/ceip-joan-coret\/wp-json\/wp\/v2\/posts\/3242\/revisions\/3245"}],"wp:attachment":[{"href":"https:\/\/agora.xtec.cat\/ceip-joan-coret\/wp-json\/wp\/v2\/media?parent=3242"}],"wp:term":[{"taxonomy":"category","embeddable":true,"href":"https:\/\/agora.xtec.cat\/ceip-joan-coret\/wp-json\/wp\/v2\/categories?post=3242"},{"taxonomy":"post_tag","embeddable":true,"href":"https:\/\/agora.xtec.cat\/ceip-joan-coret\/wp-json\/wp\/v2\/tags?post=3242"}],"curies":[{"name":"wp","href":"https:\/\/api.w.org\/{rel}","templated":true}]}}