{"id":3198,"date":"2020-04-16T10:58:10","date_gmt":"2020-04-16T08:58:10","guid":{"rendered":"http:\/\/agora.xtec.cat\/ceip-joan-coret\/?p=3198"},"modified":"2020-04-16T10:59:05","modified_gmt":"2020-04-16T08:59:05","slug":"activitats-16-abril","status":"publish","type":"post","link":"https:\/\/agora.xtec.cat\/ceip-joan-coret\/general\/activitats-16-abril\/","title":{"rendered":"Activitats 16 abril"},"content":{"rendered":"<p><em>Bon dia a tots i totes. Us adjuntem les tasques d&#8217;avui fins el dia 23 d&#8217;abril.<\/em><\/p>\n<div dir=\"auto\"><\/div>\n<div dir=\"auto\">-Lectura 30 minuts: Lliure (podeu fer servir qualsevol conte o c\u00f2mic que tingueu a casa, alguna lectura per internet, etc.)<\/div>\n<div dir=\"auto\"><\/div>\n<div dir=\"auto\">-Medi: 2 fitxes adjuntades i un enlla\u00e7 l\u00fadic per si voleu buscar el lloc on viviu o alguna direcci\u00f3 per la qual tingueu curiositat.<\/div>\n<div dir=\"auto\"><\/div>\n<div dir=\"auto\"><a href=\"https:\/\/agora.xtec.cat\/ceip-joan-coret\/wp-content\/uploads\/usu1194\/2020\/04\/lloc-on-vivim.docx\">lloc on vivim<\/a><\/div>\n<div dir=\"auto\"><\/div>\n<div dir=\"auto\"><a href=\"https:\/\/agora.xtec.cat\/ceip-joan-coret\/wp-content\/uploads\/usu1194\/2020\/04\/lloc-on-vivim2.docx\">lloc on vivim2<\/a><\/div>\n<div dir=\"auto\"><\/div>\n<div dir=\"auto\"><a href=\"https:\/\/sites.google.com\/xtec.cat\/cesire-mates-take-away\/inici\/prim%C3%A0ria-1r-a-3r\/mapes-i-camins\" target=\"_blank\" rel=\"noopener noreferrer\" data-saferedirecturl=\"https:\/\/www.google.com\/url?q=https:\/\/sites.google.com\/xtec.cat\/cesire-mates-take-away\/inici\/prim%25C3%25A0ria-1r-a-3r\/mapes-i-camins&amp;source=gmail&amp;ust=1587110834113000&amp;usg=AFQjCNGWo5LCgNNtuQAOKY_HZdH8qhIRag\">https:\/\/sites.google.com\/xtec.cat\/cesire-mates-take-away\/inici\/prim%C3%A0ria-1r-a-3r\/mapes-i-camins<\/a><\/div>\n<div dir=\"auto\"><\/div>\n<div dir=\"auto\">Salutacions.<\/div>\n<div dir=\"auto\">Guillem<\/div>\n","protected":false},"excerpt":{"rendered":"<p>Bon dia a tots i totes. Us adjuntem les tasques d&#8217;avui fins el dia 23 d&#8217;abril.<\/p>\n<p>-Lectura 30 minuts: Lliure (podeu fer servir qualsevol conte o c\u00f2mic que tingueu a casa, alguna lectura per internet, etc.)<\/p>\n<p>-Medi: 2 fitxes adjuntades i un enlla\u00e7 l\u00fadic per si voleu&hellip;  <a href=\"https:\/\/agora.xtec.cat\/ceip-joan-coret\/general\/activitats-16-abril\/\" title=\"Read Activitats 16 abril\">Llegeix m\u00e9s\u00bb<\/a><\/p>\n","protected":false},"author":2,"featured_media":0,"comment_status":"open","ping_status":"closed","sticky":false,"template":"","format":"standard","meta":{"_bbp_topic_count":0,"_bbp_reply_count":0,"_bbp_total_topic_count":0,"_bbp_total_reply_count":0,"_bbp_voice_count":0,"_bbp_anonymous_reply_count":0,"_bbp_topic_count_hidden":0,"_bbp_reply_count_hidden":0,"_bbp_forum_subforum_count":0,"footnotes":""},"categories":[12,1,5],"tags":[],"class_list":["post-3198","post","type-post","status-publish","format-standard","hentry","category-3r","category-general","category-primaria"],"post_mailing_queue_ids":[],"_links":{"self":[{"href":"https:\/\/agora.xtec.cat\/ceip-joan-coret\/wp-json\/wp\/v2\/posts\/3198","targetHints":{"allow":["GET"]}}],"collection":[{"href":"https:\/\/agora.xtec.cat\/ceip-joan-coret\/wp-json\/wp\/v2\/posts"}],"about":[{"href":"https:\/\/agora.xtec.cat\/ceip-joan-coret\/wp-json\/wp\/v2\/types\/post"}],"author":[{"embeddable":true,"href":"https:\/\/agora.xtec.cat\/ceip-joan-coret\/wp-json\/wp\/v2\/users\/2"}],"replies":[{"embeddable":true,"href":"https:\/\/agora.xtec.cat\/ceip-joan-coret\/wp-json\/wp\/v2\/comments?post=3198"}],"version-history":[{"count":1,"href":"https:\/\/agora.xtec.cat\/ceip-joan-coret\/wp-json\/wp\/v2\/posts\/3198\/revisions"}],"predecessor-version":[{"id":3201,"href":"https:\/\/agora.xtec.cat\/ceip-joan-coret\/wp-json\/wp\/v2\/posts\/3198\/revisions\/3201"}],"wp:attachment":[{"href":"https:\/\/agora.xtec.cat\/ceip-joan-coret\/wp-json\/wp\/v2\/media?parent=3198"}],"wp:term":[{"taxonomy":"category","embeddable":true,"href":"https:\/\/agora.xtec.cat\/ceip-joan-coret\/wp-json\/wp\/v2\/categories?post=3198"},{"taxonomy":"post_tag","embeddable":true,"href":"https:\/\/agora.xtec.cat\/ceip-joan-coret\/wp-json\/wp\/v2\/tags?post=3198"}],"curies":[{"name":"wp","href":"https:\/\/api.w.org\/{rel}","templated":true}]}}