{"id":3185,"date":"2020-04-16T10:17:02","date_gmt":"2020-04-16T08:17:02","guid":{"rendered":"http:\/\/agora.xtec.cat\/ceip-joan-coret\/?p=3185"},"modified":"2020-04-16T10:17:19","modified_gmt":"2020-04-16T08:17:19","slug":"una-mestra-sense-memoria-5e-16-04","status":"publish","type":"post","link":"https:\/\/agora.xtec.cat\/ceip-joan-coret\/primaria\/5e\/una-mestra-sense-memoria-5e-16-04\/","title":{"rendered":"Una mestra sense mem\u00f2ria 5\u00e8 16\/04"},"content":{"rendered":"<p>Bon dia a tots i totes.<\/p>\n<div>Espero que tothom estigui b\u00e9.<\/div>\n<div>Continuem amb aquest nou i diferent trimestre. Us enviem una feina que t\u00e9 diferents activitats, per anar recordant cosetes ja treballades.<\/div>\n<div>La podeu fer a l&#8217;ordinador, en el mateix document, la podeu imprimir i fer en el full, despr\u00e9s foto, sin\u00f3 teniu aquestes possibilitats responeu les preguntes, i feu foto.<\/div>\n<div>Cadasc\u00fa com pugui i amb all\u00f2 que tingui disponible.<\/div>\n<div>Un cop feta l&#8217;activitat, la pengeu a la\u00a0<u>vostra\u00a0<\/u>carpeta del Drive a\u00a0<b>matem\u00e0tiques<\/b> i des d&#8217;all\u00e0\u00a0 la podrem veure.<\/div>\n<div>Aneu anotant a l&#8217;agenda les dates d&#8217;entrega perqu\u00e8 sin\u00f3 no us enrecordareu.<\/div>\n<div>Teniu fins dijous 23 per fer-la, si la teniu abans la podeu posar a la carpeta abans, cap problema.<\/div>\n<div>Si teniu qualsevol dubte, no dubteu a preguntar-ho, com quan estem a la classe.<\/div>\n<div><\/div>\n<p>Podeu ajudar a la mestra? Sembla que t\u00e9 un problema i vosaltres la podeu ajudar!!!<\/p>\n<p><a href=\"https:\/\/agora.xtec.cat\/ceip-joan-coret\/wp-content\/uploads\/usu1194\/2020\/04\/5\u00e8-UNA-MESTRA-SENSE-MEM\u00d2RIA-5\u00e8.docx\">5\u00e8 UNA MESTRA SENSE MEM\u00d2RIA-5\u00e8<\/a><\/p>\n","protected":false},"excerpt":{"rendered":"<p>Bon dia a tots i totes.<br \/>\nEspero que tothom estigui b\u00e9.<br \/>\nContinuem amb aquest nou i diferent trimestre. Us enviem una feina que t\u00e9 diferents activitats, per anar recordant cosetes ja treballades.<br \/>\nLa podeu fer a l&#8217;ordinador, en el mateix document, la podeu imprimir i fer en el&hellip;  <a href=\"https:\/\/agora.xtec.cat\/ceip-joan-coret\/primaria\/5e\/una-mestra-sense-memoria-5e-16-04\/\" title=\"Read Una mestra sense mem\u00f2ria 5\u00e8 16\/04\">Llegeix m\u00e9s\u00bb<\/a><\/p>\n","protected":false},"author":3,"featured_media":0,"comment_status":"open","ping_status":"closed","sticky":false,"template":"","format":"standard","meta":{"_bbp_topic_count":0,"_bbp_reply_count":0,"_bbp_total_topic_count":0,"_bbp_total_reply_count":0,"_bbp_voice_count":0,"_bbp_anonymous_reply_count":0,"_bbp_topic_count_hidden":0,"_bbp_reply_count_hidden":0,"_bbp_forum_subforum_count":0,"footnotes":""},"categories":[14],"tags":[68,247],"class_list":["post-3185","post","type-post","status-publish","format-standard","hentry","category-5e","tag-5e","tag-matematiques"],"post_mailing_queue_ids":[],"_links":{"self":[{"href":"https:\/\/agora.xtec.cat\/ceip-joan-coret\/wp-json\/wp\/v2\/posts\/3185","targetHints":{"allow":["GET"]}}],"collection":[{"href":"https:\/\/agora.xtec.cat\/ceip-joan-coret\/wp-json\/wp\/v2\/posts"}],"about":[{"href":"https:\/\/agora.xtec.cat\/ceip-joan-coret\/wp-json\/wp\/v2\/types\/post"}],"author":[{"embeddable":true,"href":"https:\/\/agora.xtec.cat\/ceip-joan-coret\/wp-json\/wp\/v2\/users\/3"}],"replies":[{"embeddable":true,"href":"https:\/\/agora.xtec.cat\/ceip-joan-coret\/wp-json\/wp\/v2\/comments?post=3185"}],"version-history":[{"count":1,"href":"https:\/\/agora.xtec.cat\/ceip-joan-coret\/wp-json\/wp\/v2\/posts\/3185\/revisions"}],"predecessor-version":[{"id":3187,"href":"https:\/\/agora.xtec.cat\/ceip-joan-coret\/wp-json\/wp\/v2\/posts\/3185\/revisions\/3187"}],"wp:attachment":[{"href":"https:\/\/agora.xtec.cat\/ceip-joan-coret\/wp-json\/wp\/v2\/media?parent=3185"}],"wp:term":[{"taxonomy":"category","embeddable":true,"href":"https:\/\/agora.xtec.cat\/ceip-joan-coret\/wp-json\/wp\/v2\/categories?post=3185"},{"taxonomy":"post_tag","embeddable":true,"href":"https:\/\/agora.xtec.cat\/ceip-joan-coret\/wp-json\/wp\/v2\/tags?post=3185"}],"curies":[{"name":"wp","href":"https:\/\/api.w.org\/{rel}","templated":true}]}}