{"id":3181,"date":"2020-04-16T10:00:35","date_gmt":"2020-04-16T08:00:35","guid":{"rendered":"http:\/\/agora.xtec.cat\/ceip-joan-coret\/?p=3181"},"modified":"2020-04-16T11:39:53","modified_gmt":"2020-04-16T09:39:53","slug":"una-mestra-sense-memoria-16-04","status":"publish","type":"post","link":"https:\/\/agora.xtec.cat\/ceip-joan-coret\/primaria\/6e\/una-mestra-sense-memoria-16-04\/","title":{"rendered":"Una mestra sense mem\u00f2ria 16\/04"},"content":{"rendered":"<div>\n<p style=\"font-weight: 400;\">Bon dia nois i noies de 6\u00e8,<\/p>\n<p style=\"font-weight: 400;\">Avui per comen\u00e7ar amb les nostres feines d\u2019aquest trimestre us enviem una de ben variada. \u00c9s una fitxa que trobareu en dos formats (Word i pdf). Aix\u00ed els que pugueu\/vulgueu ho poder fer directament al word, i els que no, no us preocupeu, ho feu en un full tot escrivint el n\u00famero de la pregunta i la resoluci\u00f3\/resposta i despr\u00e9s l\u2019escanegeu o li feu una foto (aix\u00f2 si, assegureu-vos que es veu b\u00e9 el contingut per tal que nosaltres us puguem fer el retorn de la vostra feina). El PDF us servir\u00e0 per comprovar que el document original no s\u2019ha modificat (ja sabeu que a vegades els documents en word es desconfiguren).<\/p>\n<p style=\"font-weight: 400;\">Quan hagueu acabat la tasca, \u00e9s a dir, quan estigui perfecta ;-p , l\u2019haureu de penjar al vostre drive que teniu creat amb el vostre nom, dintre de la carpeta de CATAL\u00c0. Els que encara no la teniu creada, \u00e9s el moment de fer-ho!<\/p>\n<p style=\"font-weight: 400;\">Recordeu tamb\u00e9 que teniu una setmana de temps per a penjar-la.<\/p>\n<p style=\"font-weight: 400;\">Molts \u00e0nims a tots\/es.<\/p>\n<p style=\"font-weight: 400;\">Us trobem a faltar!<\/p>\n<p style=\"font-weight: 400;\">Sonia i Olga.<\/p>\n<\/div>\n<div><\/div>\n<p>Podeu ajudar a la mestra? Sembla que t\u00e9 un problema i vosaltres la podeu ajudar!!!<\/p>\n<p>Feu clic al seg\u00fcent enlla\u00e7:<\/p>\n<p>PDF: \u00a0\u00a0<a href=\"https:\/\/agora.xtec.cat\/ceip-joan-coret\/wp-content\/uploads\/usu1194\/2020\/04\/Una-mestra-amb-problemes.pdf\" target=\"_blank\" rel=\"noopener noreferrer\">Una mestra amb problemes <\/a><\/p>\n<p>WORD: <a href=\"https:\/\/agora.xtec.cat\/ceip-joan-coret\/wp-content\/uploads\/usu1194\/2020\/04\/Feina-16_04doc.docx\">Feina 16_04doc<\/a><\/p>\n<p>#totanir\u00e0b\u00e9<\/p>\n","protected":false},"excerpt":{"rendered":"<p>Bon dia nois i noies de 6\u00e8,<br \/>\nAvui per comen\u00e7ar amb les nostres feines d\u2019aquest trimestre us enviem una de ben variada. \u00c9s una fitxa que trobareu en dos formats (Word i pdf). Aix\u00ed els que pugueu\/vulgueu ho poder fer directament al word, i els que&hellip;  <a href=\"https:\/\/agora.xtec.cat\/ceip-joan-coret\/primaria\/6e\/una-mestra-sense-memoria-16-04\/\" title=\"Read Una mestra sense mem\u00f2ria 16\/04\">Llegeix m\u00e9s\u00bb<\/a><\/p>\n","protected":false},"author":3,"featured_media":0,"comment_status":"open","ping_status":"closed","sticky":false,"template":"","format":"standard","meta":{"_bbp_topic_count":0,"_bbp_reply_count":0,"_bbp_total_topic_count":0,"_bbp_total_reply_count":0,"_bbp_voice_count":0,"_bbp_anonymous_reply_count":0,"_bbp_topic_count_hidden":0,"_bbp_reply_count_hidden":0,"_bbp_forum_subforum_count":0,"footnotes":""},"categories":[15],"tags":[65,247],"class_list":["post-3181","post","type-post","status-publish","format-standard","hentry","category-6e","tag-6e","tag-matematiques"],"post_mailing_queue_ids":[],"_links":{"self":[{"href":"https:\/\/agora.xtec.cat\/ceip-joan-coret\/wp-json\/wp\/v2\/posts\/3181","targetHints":{"allow":["GET"]}}],"collection":[{"href":"https:\/\/agora.xtec.cat\/ceip-joan-coret\/wp-json\/wp\/v2\/posts"}],"about":[{"href":"https:\/\/agora.xtec.cat\/ceip-joan-coret\/wp-json\/wp\/v2\/types\/post"}],"author":[{"embeddable":true,"href":"https:\/\/agora.xtec.cat\/ceip-joan-coret\/wp-json\/wp\/v2\/users\/3"}],"replies":[{"embeddable":true,"href":"https:\/\/agora.xtec.cat\/ceip-joan-coret\/wp-json\/wp\/v2\/comments?post=3181"}],"version-history":[{"count":3,"href":"https:\/\/agora.xtec.cat\/ceip-joan-coret\/wp-json\/wp\/v2\/posts\/3181\/revisions"}],"predecessor-version":[{"id":3225,"href":"https:\/\/agora.xtec.cat\/ceip-joan-coret\/wp-json\/wp\/v2\/posts\/3181\/revisions\/3225"}],"wp:attachment":[{"href":"https:\/\/agora.xtec.cat\/ceip-joan-coret\/wp-json\/wp\/v2\/media?parent=3181"}],"wp:term":[{"taxonomy":"category","embeddable":true,"href":"https:\/\/agora.xtec.cat\/ceip-joan-coret\/wp-json\/wp\/v2\/categories?post=3181"},{"taxonomy":"post_tag","embeddable":true,"href":"https:\/\/agora.xtec.cat\/ceip-joan-coret\/wp-json\/wp\/v2\/tags?post=3181"}],"curies":[{"name":"wp","href":"https:\/\/api.w.org\/{rel}","templated":true}]}}