{"id":3129,"date":"2020-04-14T13:56:56","date_gmt":"2020-04-14T11:56:56","guid":{"rendered":"http:\/\/agora.xtec.cat\/ceip-joan-coret\/?p=3129"},"modified":"2020-04-14T13:56:56","modified_gmt":"2020-04-14T11:56:56","slug":"comencem-leducacio-fisica","status":"publish","type":"post","link":"https:\/\/agora.xtec.cat\/ceip-joan-coret\/primaria\/1r\/comencem-leducacio-fisica\/","title":{"rendered":"Comencem l&#8217;Educaci\u00f3 F\u00edsica!"},"content":{"rendered":"<p>Hola a tots i a totes!! Espero que estigueu tots i totes b\u00e9&#8230;.plens de ganes i d&#8217;energia per comen\u00e7ar aquest tercer trimestre que ja veieu que \u00e9s molt i molt extrany. Tinc moltes ganes que aix\u00f2 s&#8217;acabi ja i tornar a veureus a l&#8217;escola!<\/p>\n<p>Per a aquest trimestre us plantejar\u00e9 diferents activitats. Per ara tenim aquest joc de taula que ja veureu com cada cop que movem la nostra fitxa, deixar\u00e0 de ser de taula per convertir-se en un joc en moviment!!<\/p>\n<p>Espero les vostres fotos o videos realitzant aquesta activitat!!!<\/p>\n<p><a href=\"https:\/\/agora.xtec.cat\/ceip-joan-coret\/wp-content\/uploads\/usu1194\/2020\/04\/JOC-DE-TAULA-EF-A-CASA-1.jpg\"><img loading=\"lazy\" decoding=\"async\" class=\"alignnone size-medium wp-image-3132\" src=\"https:\/\/agora.xtec.cat\/ceip-joan-coret\/wp-content\/uploads\/usu1194\/2020\/04\/JOC-DE-TAULA-EF-A-CASA-1-300x217.jpg\" alt=\"\" width=\"300\" height=\"217\" srcset=\"https:\/\/agora.xtec.cat\/ceip-joan-coret\/wp-content\/uploads\/usu1194\/2020\/04\/JOC-DE-TAULA-EF-A-CASA-1-300x217.jpg 300w, https:\/\/agora.xtec.cat\/ceip-joan-coret\/wp-content\/uploads\/usu1194\/2020\/04\/JOC-DE-TAULA-EF-A-CASA-1-768x556.jpg 768w, https:\/\/agora.xtec.cat\/ceip-joan-coret\/wp-content\/uploads\/usu1194\/2020\/04\/JOC-DE-TAULA-EF-A-CASA-1-1024x742.jpg 1024w\" sizes=\"auto, (max-width: 300px) 100vw, 300px\" \/><\/a><a href=\"https:\/\/agora.xtec.cat\/ceip-joan-coret\/wp-content\/uploads\/usu1194\/2020\/04\/JOC-DE-TAULA-EF-A-CASA-2-1.jpg\"><img loading=\"lazy\" decoding=\"async\" class=\"alignnone size-medium wp-image-3133\" src=\"https:\/\/agora.xtec.cat\/ceip-joan-coret\/wp-content\/uploads\/usu1194\/2020\/04\/JOC-DE-TAULA-EF-A-CASA-2-1-300x217.jpg\" alt=\"\" width=\"300\" height=\"217\" srcset=\"https:\/\/agora.xtec.cat\/ceip-joan-coret\/wp-content\/uploads\/usu1194\/2020\/04\/JOC-DE-TAULA-EF-A-CASA-2-1-300x217.jpg 300w, https:\/\/agora.xtec.cat\/ceip-joan-coret\/wp-content\/uploads\/usu1194\/2020\/04\/JOC-DE-TAULA-EF-A-CASA-2-1-768x556.jpg 768w, https:\/\/agora.xtec.cat\/ceip-joan-coret\/wp-content\/uploads\/usu1194\/2020\/04\/JOC-DE-TAULA-EF-A-CASA-2-1-1024x742.jpg 1024w\" sizes=\"auto, (max-width: 300px) 100vw, 300px\" \/><\/a><a href=\"https:\/\/agora.xtec.cat\/ceip-joan-coret\/wp-content\/uploads\/usu1194\/2020\/04\/JOC-DE-TAULA-EF-A-CASA-4.jpg\"><img loading=\"lazy\" decoding=\"async\" class=\"alignnone size-medium wp-image-3135\" src=\"https:\/\/agora.xtec.cat\/ceip-joan-coret\/wp-content\/uploads\/usu1194\/2020\/04\/JOC-DE-TAULA-EF-A-CASA-4-300x217.jpg\" alt=\"\" width=\"300\" height=\"217\" srcset=\"https:\/\/agora.xtec.cat\/ceip-joan-coret\/wp-content\/uploads\/usu1194\/2020\/04\/JOC-DE-TAULA-EF-A-CASA-4-300x217.jpg 300w, https:\/\/agora.xtec.cat\/ceip-joan-coret\/wp-content\/uploads\/usu1194\/2020\/04\/JOC-DE-TAULA-EF-A-CASA-4-768x556.jpg 768w, https:\/\/agora.xtec.cat\/ceip-joan-coret\/wp-content\/uploads\/usu1194\/2020\/04\/JOC-DE-TAULA-EF-A-CASA-4-1024x742.jpg 1024w\" sizes=\"auto, (max-width: 300px) 100vw, 300px\" \/><\/a><a href=\"https:\/\/agora.xtec.cat\/ceip-joan-coret\/wp-content\/uploads\/usu1194\/2020\/04\/JOC-DE-TAULA-EF-A-CASA-3.jpg\"><img loading=\"lazy\" decoding=\"async\" class=\"alignnone size-medium wp-image-3134\" src=\"https:\/\/agora.xtec.cat\/ceip-joan-coret\/wp-content\/uploads\/usu1194\/2020\/04\/JOC-DE-TAULA-EF-A-CASA-3-300x217.jpg\" alt=\"\" width=\"300\" height=\"217\" srcset=\"https:\/\/agora.xtec.cat\/ceip-joan-coret\/wp-content\/uploads\/usu1194\/2020\/04\/JOC-DE-TAULA-EF-A-CASA-3-300x217.jpg 300w, https:\/\/agora.xtec.cat\/ceip-joan-coret\/wp-content\/uploads\/usu1194\/2020\/04\/JOC-DE-TAULA-EF-A-CASA-3-768x556.jpg 768w, https:\/\/agora.xtec.cat\/ceip-joan-coret\/wp-content\/uploads\/usu1194\/2020\/04\/JOC-DE-TAULA-EF-A-CASA-3-1024x742.jpg 1024w\" sizes=\"auto, (max-width: 300px) 100vw, 300px\" \/><\/a><\/p>\n<p>Si preferiu aqu\u00ed el teniu en .pdf:<\/p>\n<p><a href=\"https:\/\/agora.xtec.cat\/ceip-joan-coret\/wp-content\/uploads\/usu1194\/2020\/04\/JOC-DE-TAULA-EF-DES-DE-CASA-1.pdf\" target=\"_blank\" rel=\"noopener noreferrer\">JOC DE TAULA EF DES DE CASA<\/a><\/p>\n<p>Espero que us agradi!! Cuideu-vos molt i SALUT!!!!<\/p>\n","protected":false},"excerpt":{"rendered":"<p>Hola a tots i a totes!! Espero que estigueu tots i totes b\u00e9&#8230;.plens de ganes i d&#8217;energia per comen\u00e7ar aquest tercer trimestre que ja veieu que \u00e9s molt i molt extrany. Tinc moltes ganes que aix\u00f2 s&#8217;acabi ja i tornar a veureus a l&#8217;escola!<br \/>\nPer a&hellip;  <a href=\"https:\/\/agora.xtec.cat\/ceip-joan-coret\/primaria\/1r\/comencem-leducacio-fisica\/\" title=\"Read Comencem l&#8217;Educaci\u00f3 F\u00edsica!\">Llegeix m\u00e9s\u00bb<\/a><\/p>\n","protected":false},"author":3,"featured_media":1023,"comment_status":"open","ping_status":"closed","sticky":false,"template":"","format":"standard","meta":{"_bbp_topic_count":0,"_bbp_reply_count":0,"_bbp_total_topic_count":0,"_bbp_total_reply_count":0,"_bbp_voice_count":0,"_bbp_anonymous_reply_count":0,"_bbp_topic_count_hidden":0,"_bbp_reply_count_hidden":0,"_bbp_forum_subforum_count":0,"footnotes":""},"categories":[10,11,12],"tags":[93,94,72,331,66],"class_list":["post-3129","post","type-post","status-publish","format-standard","has-post-thumbnail","hentry","category-1r","category-2n","category-3r","tag-1r","tag-2n","tag-3r","tag-confinament","tag-ed-fisica"],"post_mailing_queue_ids":[],"_links":{"self":[{"href":"https:\/\/agora.xtec.cat\/ceip-joan-coret\/wp-json\/wp\/v2\/posts\/3129","targetHints":{"allow":["GET"]}}],"collection":[{"href":"https:\/\/agora.xtec.cat\/ceip-joan-coret\/wp-json\/wp\/v2\/posts"}],"about":[{"href":"https:\/\/agora.xtec.cat\/ceip-joan-coret\/wp-json\/wp\/v2\/types\/post"}],"author":[{"embeddable":true,"href":"https:\/\/agora.xtec.cat\/ceip-joan-coret\/wp-json\/wp\/v2\/users\/3"}],"replies":[{"embeddable":true,"href":"https:\/\/agora.xtec.cat\/ceip-joan-coret\/wp-json\/wp\/v2\/comments?post=3129"}],"version-history":[{"count":1,"href":"https:\/\/agora.xtec.cat\/ceip-joan-coret\/wp-json\/wp\/v2\/posts\/3129\/revisions"}],"predecessor-version":[{"id":3137,"href":"https:\/\/agora.xtec.cat\/ceip-joan-coret\/wp-json\/wp\/v2\/posts\/3129\/revisions\/3137"}],"wp:featuredmedia":[{"embeddable":true,"href":"https:\/\/agora.xtec.cat\/ceip-joan-coret\/wp-json\/wp\/v2\/media\/1023"}],"wp:attachment":[{"href":"https:\/\/agora.xtec.cat\/ceip-joan-coret\/wp-json\/wp\/v2\/media?parent=3129"}],"wp:term":[{"taxonomy":"category","embeddable":true,"href":"https:\/\/agora.xtec.cat\/ceip-joan-coret\/wp-json\/wp\/v2\/categories?post=3129"},{"taxonomy":"post_tag","embeddable":true,"href":"https:\/\/agora.xtec.cat\/ceip-joan-coret\/wp-json\/wp\/v2\/tags?post=3129"}],"curies":[{"name":"wp","href":"https:\/\/api.w.org\/{rel}","templated":true}]}}