{"id":3079,"date":"2020-04-09T20:33:56","date_gmt":"2020-04-09T18:33:56","guid":{"rendered":"http:\/\/agora.xtec.cat\/ceip-joan-coret\/?p=3079"},"modified":"2020-04-13T20:22:25","modified_gmt":"2020-04-13T18:22:25","slug":"setmana-santa-democions","status":"publish","type":"post","link":"https:\/\/agora.xtec.cat\/ceip-joan-coret\/general\/setmana-santa-democions\/","title":{"rendered":"SETMANA SANTA D&#8217;EMOCIONS"},"content":{"rendered":"<p>HOLA A TOTHOM, AQU\u00cd US DEIXEM L&#8217;ENLLA\u00c7 AL JOC DE LES EMOCIONS. DESITGEM QUE US SIGUI MOLT \u00daTIL AL MATEIX TEMPS QUE PASSEU UNA ESTONA DE JOC. UNA ABRA\u00c7ADA DE L&#8217;EQUIP DE CICLE INICIAL.<\/p>\n<p><a href=\"https:\/\/recursoseducatius.diveraula.com\/2020\/04\/el-joc-de-les-emocions-emocionat-catcast.html?m=1\"><img loading=\"lazy\" decoding=\"async\" class=\"alignleft\" src=\"https:\/\/1.bp.blogspot.com\/-N_krWBlMN-I\/Xot9Xao0h1I\/AAAAAAAABJ4\/XPLOBGtXsEYeez3UXWjOrWIzSmSlcz4RACLcBGAsYHQ\/s200\/emocionat_cat.png\" alt=\"\" width=\"271\" height=\"187\" \/><\/a><\/p>\n","protected":false},"excerpt":{"rendered":"<p>HOLA A TOTHOM, AQU\u00cd US DEIXEM L&#8217;ENLLA\u00c7 AL JOC DE LES EMOCIONS. DESITGEM QUE US SIGUI MOLT \u00daTIL AL MATEIX TEMPS QUE PASSEU UNA ESTONA DE JOC. UNA ABRA\u00c7ADA DE L&#8217;EQUIP DE CICLE INICIAL.<br \/>\n<a href=\"https:\/\/recursoseducatius.diveraula.com\/2020\/04\/el-joc-de-les-emocions-emocionat-catcast.html?m=1\"><\/a><\/p>\n","protected":false},"author":69,"featured_media":3086,"comment_status":"open","ping_status":"closed","sticky":false,"template":"","format":"standard","meta":{"_bbp_topic_count":0,"_bbp_reply_count":0,"_bbp_total_topic_count":0,"_bbp_total_reply_count":0,"_bbp_voice_count":0,"_bbp_anonymous_reply_count":0,"_bbp_topic_count_hidden":0,"_bbp_reply_count_hidden":0,"_bbp_forum_subforum_count":0,"footnotes":""},"categories":[10,11,1,4,5],"tags":[330,329,94,326,327,328],"class_list":["post-3079","post","type-post","status-publish","format-standard","has-post-thumbnail","hentry","category-1r","category-2n","category-general","category-portada","category-primaria","tag-joemquedoacasa","tag-1er","tag-2n","tag-emocions","tag-escola","tag-sentiments"],"post_mailing_queue_ids":[],"_links":{"self":[{"href":"https:\/\/agora.xtec.cat\/ceip-joan-coret\/wp-json\/wp\/v2\/posts\/3079","targetHints":{"allow":["GET"]}}],"collection":[{"href":"https:\/\/agora.xtec.cat\/ceip-joan-coret\/wp-json\/wp\/v2\/posts"}],"about":[{"href":"https:\/\/agora.xtec.cat\/ceip-joan-coret\/wp-json\/wp\/v2\/types\/post"}],"author":[{"embeddable":true,"href":"https:\/\/agora.xtec.cat\/ceip-joan-coret\/wp-json\/wp\/v2\/users\/69"}],"replies":[{"embeddable":true,"href":"https:\/\/agora.xtec.cat\/ceip-joan-coret\/wp-json\/wp\/v2\/comments?post=3079"}],"version-history":[{"count":3,"href":"https:\/\/agora.xtec.cat\/ceip-joan-coret\/wp-json\/wp\/v2\/posts\/3079\/revisions"}],"predecessor-version":[{"id":3097,"href":"https:\/\/agora.xtec.cat\/ceip-joan-coret\/wp-json\/wp\/v2\/posts\/3079\/revisions\/3097"}],"wp:featuredmedia":[{"embeddable":true,"href":"https:\/\/agora.xtec.cat\/ceip-joan-coret\/wp-json\/wp\/v2\/media\/3086"}],"wp:attachment":[{"href":"https:\/\/agora.xtec.cat\/ceip-joan-coret\/wp-json\/wp\/v2\/media?parent=3079"}],"wp:term":[{"taxonomy":"category","embeddable":true,"href":"https:\/\/agora.xtec.cat\/ceip-joan-coret\/wp-json\/wp\/v2\/categories?post=3079"},{"taxonomy":"post_tag","embeddable":true,"href":"https:\/\/agora.xtec.cat\/ceip-joan-coret\/wp-json\/wp\/v2\/tags?post=3079"}],"curies":[{"name":"wp","href":"https:\/\/api.w.org\/{rel}","templated":true}]}}