{"id":3050,"date":"2020-04-02T18:07:18","date_gmt":"2020-04-02T16:07:18","guid":{"rendered":"http:\/\/agora.xtec.cat\/ceip-joan-coret\/?p=3050"},"modified":"2020-04-02T18:07:18","modified_gmt":"2020-04-02T16:07:18","slug":"solucions-competencies-basiques-publicades-dia-23-i-26","status":"publish","type":"post","link":"https:\/\/agora.xtec.cat\/ceip-joan-coret\/primaria\/6e\/solucions-competencies-basiques-publicades-dia-23-i-26\/","title":{"rendered":"Solucions Compet\u00e8ncies b\u00e0siques publicades dia 23 i 26"},"content":{"rendered":"<p>Hola a tots i a totes! Esperem que estigueu tots i totes b\u00e9&#8230; o millor que b\u00e9!!<\/p>\n<p>La setmana passada vam publicar les compet\u00e8ncies b\u00e0siques (dia 23 i dia 26). Ja les heu fet?? Aqu\u00ed us passem el solucionari de les preguntes tancades (x)\u00a0 recordeu que les tutores es posaran en contacte amb vosaltres per explicar-vos com podeu fer arribar les respostes obertes de les compet\u00e8ncies. Us trobem molt a faltar!!<\/p>\n<p>I recordeu: #totanir\u00e0b\u00e9<\/p>\n<p><a href=\"https:\/\/agora.xtec.cat\/ceip-joan-coret\/wp-content\/uploads\/usu1194\/2020\/04\/full1-respostes-castella-2019.pdf\" target=\"_blank\" rel=\"noopener noreferrer\">full1-respostes-castella-2019<\/a><\/p>\n<p><a href=\"https:\/\/agora.xtec.cat\/ceip-joan-coret\/wp-content\/uploads\/usu1194\/2020\/04\/full1-respostes-catala-2019.pdf\" target=\"_blank\" rel=\"noopener noreferrer\">full1-respostes-catala-2019<\/a><\/p>\n<p><a href=\"https:\/\/agora.xtec.cat\/ceip-joan-coret\/wp-content\/uploads\/usu1194\/2020\/04\/full1-respostes-mates-2019.pdf\" target=\"_blank\" rel=\"noopener noreferrer\">full1-respostes-mates-2019<\/a><\/p>\n<p><a href=\"https:\/\/agora.xtec.cat\/ceip-joan-coret\/wp-content\/uploads\/usu1194\/2020\/04\/full1-respostes-medi-2019.pdf\" target=\"_blank\" rel=\"noopener noreferrer\">full1-respostes-medi-2019<\/a><\/p>\n","protected":false},"excerpt":{"rendered":"<p>Hola a tots i a totes! Esperem que estigueu tots i totes b\u00e9&#8230; o millor que b\u00e9!!<br \/>\nLa setmana passada vam publicar les compet\u00e8ncies b\u00e0siques (dia 23 i dia 26). Ja les heu fet?? Aqu\u00ed us passem el solucionari de les preguntes tancades (x)\u00a0 recordeu que&hellip;  <a href=\"https:\/\/agora.xtec.cat\/ceip-joan-coret\/primaria\/6e\/solucions-competencies-basiques-publicades-dia-23-i-26\/\" title=\"Read Solucions Compet\u00e8ncies b\u00e0siques publicades dia 23 i 26\">Llegeix m\u00e9s\u00bb<\/a><\/p>\n","protected":false},"author":3,"featured_media":0,"comment_status":"open","ping_status":"closed","sticky":false,"template":"","format":"standard","meta":{"_bbp_topic_count":0,"_bbp_reply_count":0,"_bbp_total_topic_count":0,"_bbp_total_reply_count":0,"_bbp_voice_count":0,"_bbp_anonymous_reply_count":0,"_bbp_topic_count_hidden":0,"_bbp_reply_count_hidden":0,"_bbp_forum_subforum_count":0,"footnotes":""},"categories":[15],"tags":[],"class_list":["post-3050","post","type-post","status-publish","format-standard","hentry","category-6e"],"post_mailing_queue_ids":[],"_links":{"self":[{"href":"https:\/\/agora.xtec.cat\/ceip-joan-coret\/wp-json\/wp\/v2\/posts\/3050","targetHints":{"allow":["GET"]}}],"collection":[{"href":"https:\/\/agora.xtec.cat\/ceip-joan-coret\/wp-json\/wp\/v2\/posts"}],"about":[{"href":"https:\/\/agora.xtec.cat\/ceip-joan-coret\/wp-json\/wp\/v2\/types\/post"}],"author":[{"embeddable":true,"href":"https:\/\/agora.xtec.cat\/ceip-joan-coret\/wp-json\/wp\/v2\/users\/3"}],"replies":[{"embeddable":true,"href":"https:\/\/agora.xtec.cat\/ceip-joan-coret\/wp-json\/wp\/v2\/comments?post=3050"}],"version-history":[{"count":1,"href":"https:\/\/agora.xtec.cat\/ceip-joan-coret\/wp-json\/wp\/v2\/posts\/3050\/revisions"}],"predecessor-version":[{"id":3055,"href":"https:\/\/agora.xtec.cat\/ceip-joan-coret\/wp-json\/wp\/v2\/posts\/3050\/revisions\/3055"}],"wp:attachment":[{"href":"https:\/\/agora.xtec.cat\/ceip-joan-coret\/wp-json\/wp\/v2\/media?parent=3050"}],"wp:term":[{"taxonomy":"category","embeddable":true,"href":"https:\/\/agora.xtec.cat\/ceip-joan-coret\/wp-json\/wp\/v2\/categories?post=3050"},{"taxonomy":"post_tag","embeddable":true,"href":"https:\/\/agora.xtec.cat\/ceip-joan-coret\/wp-json\/wp\/v2\/tags?post=3050"}],"curies":[{"name":"wp","href":"https:\/\/api.w.org\/{rel}","templated":true}]}}