{"id":3011,"date":"2020-04-01T19:38:04","date_gmt":"2020-04-01T17:38:04","guid":{"rendered":"http:\/\/agora.xtec.cat\/ceip-joan-coret\/?p=3011"},"modified":"2020-04-13T10:36:15","modified_gmt":"2020-04-13T08:36:15","slug":"feines-dilluns-30","status":"publish","type":"post","link":"https:\/\/agora.xtec.cat\/ceip-joan-coret\/primaria\/5e\/feines-dilluns-30\/","title":{"rendered":"Feines dilluns 30"},"content":{"rendered":"<p>Hola a tothom.<br \/>\nDesitjant que tothom us trobeu b\u00e9 i amb moltes ganes de retrobar-nos, seguim treballant una miqueta<br \/>\nPenjo aqu\u00ed les feines que vam enviar el dilluns 30, perqu\u00e8 tamb\u00e9 les pugueu consultar per aqu\u00ed.<\/p>\n<p>.<a href=\"https:\/\/agora.xtec.cat\/ceip-joan-coret\/wp-content\/uploads\/usu1194\/2020\/04\/El-verb-nombre-i-persona_000.jpg\"><img loading=\"lazy\" decoding=\"async\" src=\"https:\/\/agora.xtec.cat\/ceip-joan-coret\/wp-content\/uploads\/usu1194\/2020\/04\/El-verb-nombre-i-persona_000-722x1024.jpg\" alt=\"\" width=\"722\" height=\"1024\" class=\"alignnone size-large wp-image-3012\" srcset=\"https:\/\/agora.xtec.cat\/ceip-joan-coret\/wp-content\/uploads\/usu1194\/2020\/04\/El-verb-nombre-i-persona_000-722x1024.jpg 722w, https:\/\/agora.xtec.cat\/ceip-joan-coret\/wp-content\/uploads\/usu1194\/2020\/04\/El-verb-nombre-i-persona_000-212x300.jpg 212w, https:\/\/agora.xtec.cat\/ceip-joan-coret\/wp-content\/uploads\/usu1194\/2020\/04\/El-verb-nombre-i-persona_000-768x1089.jpg 768w\" sizes=\"auto, (max-width: 722px) 100vw, 722px\" \/><\/a><\/p>\n<p><a href=\"https:\/\/agora.xtec.cat\/ceip-joan-coret\/wp-content\/uploads\/usu1194\/2020\/04\/El-verb-nombre-i-persona_001.jpg\"><img loading=\"lazy\" decoding=\"async\" src=\"https:\/\/agora.xtec.cat\/ceip-joan-coret\/wp-content\/uploads\/usu1194\/2020\/04\/El-verb-nombre-i-persona_001-722x1024.jpg\" alt=\"\" width=\"722\" height=\"1024\" class=\"alignnone size-large wp-image-3013\" srcset=\"https:\/\/agora.xtec.cat\/ceip-joan-coret\/wp-content\/uploads\/usu1194\/2020\/04\/El-verb-nombre-i-persona_001-722x1024.jpg 722w, https:\/\/agora.xtec.cat\/ceip-joan-coret\/wp-content\/uploads\/usu1194\/2020\/04\/El-verb-nombre-i-persona_001-212x300.jpg 212w, https:\/\/agora.xtec.cat\/ceip-joan-coret\/wp-content\/uploads\/usu1194\/2020\/04\/El-verb-nombre-i-persona_001-768x1089.jpg 768w\" sizes=\"auto, (max-width: 722px) 100vw, 722px\" \/><\/a><\/p>\n<p><a href=\"https:\/\/agora.xtec.cat\/ceip-joan-coret\/wp-content\/uploads\/usu1194\/2020\/04\/ordenaci\u00f3-denunciats_1.pdf\">ordenaci\u00f3 d&#8217;enunciats_1<\/a><\/p>\n<p><a href=\"https:\/\/agora.xtec.cat\/ceip-joan-coret\/wp-content\/uploads\/usu1194\/2020\/04\/ordenaci\u00f3-denunciats_solucionari.pdf\">ordenaci\u00f3 d&#8217;enunciats_solucionari<\/a><\/p>\n<p><a href=\"https:\/\/agora.xtec.cat\/ceip-joan-coret\/wp-content\/uploads\/usu1194\/2020\/04\/ordenaci\u00f3-denunciats_solucionari_2.pdf\">ordenaci\u00f3 d&#8217;enunciats_solucionari_2<\/a><\/p>\n<p><a href=\"https:\/\/agora.xtec.cat\/ceip-joan-coret\/wp-content\/uploads\/usu1194\/2020\/04\/ordenaci\u00f3-enunciats_2.pdf\">ordenaci\u00f3 enunciats_2<\/a><\/p>\n<p><a href=\"https:\/\/agora.xtec.cat\/ceip-joan-coret\/wp-content\/uploads\/usu1194\/2020\/04\/Verb-formes-no-personals_000.jpg\"><img loading=\"lazy\" decoding=\"async\" src=\"https:\/\/agora.xtec.cat\/ceip-joan-coret\/wp-content\/uploads\/usu1194\/2020\/04\/Verb-formes-no-personals_000-722x1024.jpg\" alt=\"\" width=\"722\" height=\"1024\" class=\"alignnone size-large wp-image-3018\" srcset=\"https:\/\/agora.xtec.cat\/ceip-joan-coret\/wp-content\/uploads\/usu1194\/2020\/04\/Verb-formes-no-personals_000-722x1024.jpg 722w, https:\/\/agora.xtec.cat\/ceip-joan-coret\/wp-content\/uploads\/usu1194\/2020\/04\/Verb-formes-no-personals_000-212x300.jpg 212w, https:\/\/agora.xtec.cat\/ceip-joan-coret\/wp-content\/uploads\/usu1194\/2020\/04\/Verb-formes-no-personals_000-768x1089.jpg 768w\" sizes=\"auto, (max-width: 722px) 100vw, 722px\" \/><\/a><\/p>\n<p><a href=\"https:\/\/agora.xtec.cat\/ceip-joan-coret\/wp-content\/uploads\/usu1194\/2020\/04\/Verb-formes-no-personals_001.jpg\"><img loading=\"lazy\" decoding=\"async\" src=\"https:\/\/agora.xtec.cat\/ceip-joan-coret\/wp-content\/uploads\/usu1194\/2020\/04\/Verb-formes-no-personals_001-722x1024.jpg\" alt=\"\" width=\"722\" height=\"1024\" class=\"alignnone size-large wp-image-3019\" srcset=\"https:\/\/agora.xtec.cat\/ceip-joan-coret\/wp-content\/uploads\/usu1194\/2020\/04\/Verb-formes-no-personals_001-722x1024.jpg 722w, https:\/\/agora.xtec.cat\/ceip-joan-coret\/wp-content\/uploads\/usu1194\/2020\/04\/Verb-formes-no-personals_001-212x300.jpg 212w, https:\/\/agora.xtec.cat\/ceip-joan-coret\/wp-content\/uploads\/usu1194\/2020\/04\/Verb-formes-no-personals_001-768x1089.jpg 768w\" sizes=\"auto, (max-width: 722px) 100vw, 722px\" \/><\/a><br \/>\nPenjo aqu\u00ed les feines que vam enviar ahir, perqu\u00e8 tamb\u00e9 les pugueu consultar per aqu\u00ed.<\/p>\n","protected":false},"excerpt":{"rendered":"<p>Hola a tothom.<br \/>\nDesitjant que tothom us trobeu b\u00e9 i amb moltes ganes de retrobar-nos, seguim treballant una miqueta<br \/>\nPenjo aqu\u00ed les feines que vam enviar el dilluns 30, perqu\u00e8 tamb\u00e9 les pugueu consultar per aqu\u00ed.<br \/>\n.<a href=\"https:\/\/agora.xtec.cat\/ceip-joan-coret\/wp-content\/uploads\/usu1194\/2020\/04\/El-verb-nombre-i-persona_000.jpg\"><\/a><br \/>\n<a href=\"https:\/\/agora.xtec.cat\/ceip-joan-coret\/wp-content\/uploads\/usu1194\/2020\/04\/El-verb-nombre-i-persona_001.jpg\"><\/a><br \/>\n<a href=\"https:\/\/agora.xtec.cat\/ceip-joan-coret\/wp-content\/uploads\/usu1194\/2020\/04\/ordenaci\u00f3-denunciats_1.pdf\">ordenaci\u00f3 d&#8217;enunciats_1<\/a><br \/>\n<a href=\"https:\/\/agora.xtec.cat\/ceip-joan-coret\/wp-content\/uploads\/usu1194\/2020\/04\/ordenaci\u00f3-denunciats_solucionari.pdf\">ordenaci\u00f3 d&#8217;enunciats_solucionari<\/a><br \/>\n<a href=\"https:\/\/agora.xtec.cat\/ceip-joan-coret\/wp-content\/uploads\/usu1194\/2020\/04\/ordenaci\u00f3-denunciats_solucionari_2.pdf\">ordenaci\u00f3 d&#8217;enunciats_solucionari_2<\/a><br \/>\n<a href=\"https:\/\/agora.xtec.cat\/ceip-joan-coret\/wp-content\/uploads\/usu1194\/2020\/04\/ordenaci\u00f3-enunciats_2.pdf\">ordenaci\u00f3 enunciats_2<\/a><br \/>\n<a href=\"https:\/\/agora.xtec.cat\/ceip-joan-coret\/wp-content\/uploads\/usu1194\/2020\/04\/Verb-formes-no-personals_000.jpg\"><\/a><br \/>\n<a&hellip;  <a href=\"https:\/\/agora.xtec.cat\/ceip-joan-coret\/primaria\/5e\/feines-dilluns-30\/\" title=\"Read Feines dilluns 30\">Llegeix m\u00e9s\u00bb<\/a><\/p>\n","protected":false},"author":10,"featured_media":1023,"comment_status":"open","ping_status":"closed","sticky":false,"template":"","format":"standard","meta":{"_bbp_topic_count":0,"_bbp_reply_count":0,"_bbp_total_topic_count":0,"_bbp_total_reply_count":0,"_bbp_voice_count":0,"_bbp_anonymous_reply_count":0,"_bbp_topic_count_hidden":0,"_bbp_reply_count_hidden":0,"_bbp_forum_subforum_count":0,"footnotes":""},"categories":[14],"tags":[330],"class_list":["post-3011","post","type-post","status-publish","format-standard","has-post-thumbnail","hentry","category-5e","tag-joemquedoacasa"],"post_mailing_queue_ids":[],"_links":{"self":[{"href":"https:\/\/agora.xtec.cat\/ceip-joan-coret\/wp-json\/wp\/v2\/posts\/3011","targetHints":{"allow":["GET"]}}],"collection":[{"href":"https:\/\/agora.xtec.cat\/ceip-joan-coret\/wp-json\/wp\/v2\/posts"}],"about":[{"href":"https:\/\/agora.xtec.cat\/ceip-joan-coret\/wp-json\/wp\/v2\/types\/post"}],"author":[{"embeddable":true,"href":"https:\/\/agora.xtec.cat\/ceip-joan-coret\/wp-json\/wp\/v2\/users\/10"}],"replies":[{"embeddable":true,"href":"https:\/\/agora.xtec.cat\/ceip-joan-coret\/wp-json\/wp\/v2\/comments?post=3011"}],"version-history":[{"count":1,"href":"https:\/\/agora.xtec.cat\/ceip-joan-coret\/wp-json\/wp\/v2\/posts\/3011\/revisions"}],"predecessor-version":[{"id":3020,"href":"https:\/\/agora.xtec.cat\/ceip-joan-coret\/wp-json\/wp\/v2\/posts\/3011\/revisions\/3020"}],"wp:featuredmedia":[{"embeddable":true,"href":"https:\/\/agora.xtec.cat\/ceip-joan-coret\/wp-json\/wp\/v2\/media\/1023"}],"wp:attachment":[{"href":"https:\/\/agora.xtec.cat\/ceip-joan-coret\/wp-json\/wp\/v2\/media?parent=3011"}],"wp:term":[{"taxonomy":"category","embeddable":true,"href":"https:\/\/agora.xtec.cat\/ceip-joan-coret\/wp-json\/wp\/v2\/categories?post=3011"},{"taxonomy":"post_tag","embeddable":true,"href":"https:\/\/agora.xtec.cat\/ceip-joan-coret\/wp-json\/wp\/v2\/tags?post=3011"}],"curies":[{"name":"wp","href":"https:\/\/api.w.org\/{rel}","templated":true}]}}