{"id":3007,"date":"2020-03-31T19:35:02","date_gmt":"2020-03-31T17:35:02","guid":{"rendered":"http:\/\/agora.xtec.cat\/ceip-joan-coret\/?p=3007"},"modified":"2020-04-12T10:23:10","modified_gmt":"2020-04-12T08:23:10","slug":"quedat-a-casa","status":"publish","type":"post","link":"https:\/\/agora.xtec.cat\/ceip-joan-coret\/general\/quedat-a-casa\/","title":{"rendered":"QUEDA&#8217;T A CASA!"},"content":{"rendered":"<p>Els mestres del Grup de treball d&#8217;Educaci\u00f3 F\u00edsica us dediquen aquesta can\u00e7\u00f3<strong> &#8220;Qu\u00e9date en tu casa&#8221;,<\/strong> l&#8217;himne oficial del confinament.<\/p>\n<p>Ens esteu donant una lli\u00e7\u00f3! Esteu demostrant com sou de forts i com us podeu adaptar a qualsevol circumst\u00e0ncia. Estem molt orgullosos de vosaltres!<\/p>\n<p>Molts \u00e0nims i ens veiem aviat! Segur!<\/p>\n<p>QUEDA&#8217;T A CASA!<\/p>\n<p><iframe loading=\"lazy\" title=\"REPTE II  MEF BADALONA-ST ADRI\u00c0\" width=\"500\" height=\"375\" src=\"https:\/\/www.youtube.com\/embed\/CfalTheA9hA?feature=oembed\" frameborder=\"0\" allow=\"accelerometer; autoplay; clipboard-write; encrypted-media; gyroscope; picture-in-picture; web-share\" referrerpolicy=\"strict-origin-when-cross-origin\" allowfullscreen><\/iframe><\/p>\n<p>#anir\u00e0b\u00e9 <span class=\"\">#quedatacasa #ustrobemafaltar<\/span><\/p>\n","protected":false},"excerpt":{"rendered":"<p>Els mestres del Grup de treball d&#8217;Educaci\u00f3 F\u00edsica us dediquen aquesta can\u00e7\u00f3 &#8220;Qu\u00e9date en tu casa&#8221;, l&#8217;himne oficial del confinament.<br \/>\nEns esteu donant una lli\u00e7\u00f3! Esteu demostrant com sou de forts i com us podeu adaptar a qualsevol circumst\u00e0ncia. Estem molt orgullosos de vosaltres!<br \/>\nMolts \u00e0nims i&hellip;  <a href=\"https:\/\/agora.xtec.cat\/ceip-joan-coret\/general\/quedat-a-casa\/\" title=\"Read QUEDA&#8217;T A CASA!\">Llegeix m\u00e9s\u00bb<\/a><\/p>\n","protected":false},"author":2,"featured_media":3010,"comment_status":"open","ping_status":"closed","sticky":false,"template":"","format":"standard","meta":{"_bbp_topic_count":0,"_bbp_reply_count":0,"_bbp_total_topic_count":0,"_bbp_total_reply_count":0,"_bbp_voice_count":0,"_bbp_anonymous_reply_count":0,"_bbp_topic_count_hidden":0,"_bbp_reply_count_hidden":0,"_bbp_forum_subforum_count":0,"footnotes":""},"categories":[64,1,4,5],"tags":[330],"class_list":["post-3007","post","type-post","status-publish","format-standard","has-post-thumbnail","hentry","category-educacio-fisica","category-general","category-portada","category-primaria","tag-joemquedoacasa"],"post_mailing_queue_ids":[],"_links":{"self":[{"href":"https:\/\/agora.xtec.cat\/ceip-joan-coret\/wp-json\/wp\/v2\/posts\/3007","targetHints":{"allow":["GET"]}}],"collection":[{"href":"https:\/\/agora.xtec.cat\/ceip-joan-coret\/wp-json\/wp\/v2\/posts"}],"about":[{"href":"https:\/\/agora.xtec.cat\/ceip-joan-coret\/wp-json\/wp\/v2\/types\/post"}],"author":[{"embeddable":true,"href":"https:\/\/agora.xtec.cat\/ceip-joan-coret\/wp-json\/wp\/v2\/users\/2"}],"replies":[{"embeddable":true,"href":"https:\/\/agora.xtec.cat\/ceip-joan-coret\/wp-json\/wp\/v2\/comments?post=3007"}],"version-history":[{"count":2,"href":"https:\/\/agora.xtec.cat\/ceip-joan-coret\/wp-json\/wp\/v2\/posts\/3007\/revisions"}],"predecessor-version":[{"id":3009,"href":"https:\/\/agora.xtec.cat\/ceip-joan-coret\/wp-json\/wp\/v2\/posts\/3007\/revisions\/3009"}],"wp:featuredmedia":[{"embeddable":true,"href":"https:\/\/agora.xtec.cat\/ceip-joan-coret\/wp-json\/wp\/v2\/media\/3010"}],"wp:attachment":[{"href":"https:\/\/agora.xtec.cat\/ceip-joan-coret\/wp-json\/wp\/v2\/media?parent=3007"}],"wp:term":[{"taxonomy":"category","embeddable":true,"href":"https:\/\/agora.xtec.cat\/ceip-joan-coret\/wp-json\/wp\/v2\/categories?post=3007"},{"taxonomy":"post_tag","embeddable":true,"href":"https:\/\/agora.xtec.cat\/ceip-joan-coret\/wp-json\/wp\/v2\/tags?post=3007"}],"curies":[{"name":"wp","href":"https:\/\/api.w.org\/{rel}","templated":true}]}}