{"id":2988,"date":"2020-03-31T01:50:10","date_gmt":"2020-03-30T23:50:10","guid":{"rendered":"http:\/\/agora.xtec.cat\/ceip-joan-coret\/?p=2988"},"modified":"2020-04-13T10:36:46","modified_gmt":"2020-04-13T08:36:46","slug":"l-ortografia-dels-plurals-femenins-a-catala","status":"publish","type":"post","link":"https:\/\/agora.xtec.cat\/ceip-joan-coret\/general\/l-ortografia-dels-plurals-femenins-a-catala\/","title":{"rendered":"L&#8217; ortografia dels Plurals Femenins a catal\u00e0"},"content":{"rendered":"<p>Hola fam\u00edlies , nois i noies de tercer, aqu\u00ed torneu a tenir els enlla\u00e7os de les fitxes que hem anat compartint amb les mares delegades sobre el femen\u00ed plural a catal\u00e0<\/p>\n<p><a href=\"https:\/\/drive.google.com\/open?id=1CE6nMY0qu-P-Nk9fGfrne95zj2pGYbGx\">https:\/\/drive.google.com\/open?id=1CE6nMY0qu-P-Nk9fGfrne95zj2pGYbGx<\/a><\/p>\n<p><a href=\"https:\/\/drive.google.com\/open?id=1hYnMxU_5DTGJ2kpJXaukGzzv5LzbPDgB\">https:\/\/drive.google.com\/open?id=1hYnMxU_5DTGJ2kpJXaukGzzv5LzbPDgB<\/a><\/p>\n<p><a href=\"https:\/\/drive.google.com\/open?id=1mA2z24ZLzzxIy5395RmFIEO4Oj8EIiwB\">https:\/\/drive.google.com\/open?id=1mA2z24ZLzzxIy5395RmFIEO4Oj8EIiwB<\/a><\/p>\n<p>&nbsp;<\/p>\n<p>&nbsp;<\/p>\n","protected":false},"excerpt":{"rendered":"<p>Hola fam\u00edlies , nois i noies de tercer, aqu\u00ed torneu a tenir els enlla\u00e7os de les fitxes que hem anat compartint amb les mares delegades sobre el femen\u00ed plural a catal\u00e0<br \/>\n<a href=\"https:\/\/drive.google.com\/open?id=1CE6nMY0qu-P-Nk9fGfrne95zj2pGYbGx\">https:\/\/drive.google.com\/open?id=1CE6nMY0qu-P-Nk9fGfrne95zj2pGYbGx<\/a><br \/>\n<a href=\"https:\/\/drive.google.com\/open?id=1hYnMxU_5DTGJ2kpJXaukGzzv5LzbPDgB\">https:\/\/drive.google.com\/open?id=1hYnMxU_5DTGJ2kpJXaukGzzv5LzbPDgB<\/a><br \/>\n<a href=\"https:\/\/drive.google.com\/open?id=1mA2z24ZLzzxIy5395RmFIEO4Oj8EIiwB\">https:\/\/drive.google.com\/open?id=1mA2z24ZLzzxIy5395RmFIEO4Oj8EIiwB<\/a><br \/>\n&nbsp;<br \/>\n&nbsp;<\/p>\n","protected":false},"author":69,"featured_media":0,"comment_status":"open","ping_status":"closed","sticky":false,"template":"","format":"standard","meta":{"_bbp_topic_count":0,"_bbp_reply_count":0,"_bbp_total_topic_count":0,"_bbp_total_reply_count":0,"_bbp_voice_count":0,"_bbp_anonymous_reply_count":0,"_bbp_topic_count_hidden":0,"_bbp_reply_count_hidden":0,"_bbp_forum_subforum_count":0,"footnotes":""},"categories":[12,1,5],"tags":[330],"class_list":["post-2988","post","type-post","status-publish","format-standard","hentry","category-3r","category-general","category-primaria","tag-joemquedoacasa"],"post_mailing_queue_ids":[],"_links":{"self":[{"href":"https:\/\/agora.xtec.cat\/ceip-joan-coret\/wp-json\/wp\/v2\/posts\/2988","targetHints":{"allow":["GET"]}}],"collection":[{"href":"https:\/\/agora.xtec.cat\/ceip-joan-coret\/wp-json\/wp\/v2\/posts"}],"about":[{"href":"https:\/\/agora.xtec.cat\/ceip-joan-coret\/wp-json\/wp\/v2\/types\/post"}],"author":[{"embeddable":true,"href":"https:\/\/agora.xtec.cat\/ceip-joan-coret\/wp-json\/wp\/v2\/users\/69"}],"replies":[{"embeddable":true,"href":"https:\/\/agora.xtec.cat\/ceip-joan-coret\/wp-json\/wp\/v2\/comments?post=2988"}],"version-history":[{"count":1,"href":"https:\/\/agora.xtec.cat\/ceip-joan-coret\/wp-json\/wp\/v2\/posts\/2988\/revisions"}],"predecessor-version":[{"id":2989,"href":"https:\/\/agora.xtec.cat\/ceip-joan-coret\/wp-json\/wp\/v2\/posts\/2988\/revisions\/2989"}],"wp:attachment":[{"href":"https:\/\/agora.xtec.cat\/ceip-joan-coret\/wp-json\/wp\/v2\/media?parent=2988"}],"wp:term":[{"taxonomy":"category","embeddable":true,"href":"https:\/\/agora.xtec.cat\/ceip-joan-coret\/wp-json\/wp\/v2\/categories?post=2988"},{"taxonomy":"post_tag","embeddable":true,"href":"https:\/\/agora.xtec.cat\/ceip-joan-coret\/wp-json\/wp\/v2\/tags?post=2988"}],"curies":[{"name":"wp","href":"https:\/\/api.w.org\/{rel}","templated":true}]}}