{"id":2967,"date":"2020-03-30T18:27:55","date_gmt":"2020-03-30T16:27:55","guid":{"rendered":"http:\/\/agora.xtec.cat\/ceip-joan-coret\/?p=2967"},"modified":"2020-04-13T10:37:01","modified_gmt":"2020-04-13T08:37:01","slug":"competencies-6e-dilluns-30-de-marc","status":"publish","type":"post","link":"https:\/\/agora.xtec.cat\/ceip-joan-coret\/primaria\/6e\/competencies-6e-dilluns-30-de-marc\/","title":{"rendered":"Compet\u00e8ncies 6\u00e8 dilluns 30 de mar\u00e7"},"content":{"rendered":"<p>Hola, com cada dilluns, ja tenim aqu\u00ed les compet\u00e8ncies d&#8217;aquesta setmana.<\/p>\n<table style=\"width: 509px;\">\n<tbody>\n<tr>\n<td style=\"width: 240px;\">\n<h6><a href=\"https:\/\/agora.xtec.cat\/ceip-joan-coret\/wp-content\/uploads\/usu1194\/2020\/03\/CATALA-2017.pdf\">CATALA-2017<\/a><\/h6>\n<\/td>\n<td style=\"width: 261px;\">\n<h6><a href=\"https:\/\/agora.xtec.cat\/ceip-joan-coret\/wp-content\/uploads\/usu1194\/2020\/03\/MATEMATIQUES-2017.pdf\">MATEMATIQUES-2017<\/a><\/h6>\n<\/td>\n<\/tr>\n<tr>\n<td style=\"width: 240px;\">\n<h6><a href=\"https:\/\/agora.xtec.cat\/ceip-joan-coret\/wp-content\/uploads\/usu1194\/2020\/03\/CATALA_FULL_RESPOSTES_16-17.pdf\">CATALA_FULL_RESPOSTES_16-17<\/a><\/h6>\n<\/td>\n<td style=\"width: 261px;\">\n<h6><a href=\"https:\/\/agora.xtec.cat\/ceip-joan-coret\/wp-content\/uploads\/usu1194\/2020\/03\/MATES_FULL_RESPOSTES_16-17.pdf\">MATES_FULL_RESPOSTES_16-17<\/a><\/h6>\n<\/td>\n<\/tr>\n<tr>\n<td style=\"width: 240px;\"><!--[if lt IE 9]><script>document.createElement('audio');<\/script><![endif]-->\n<audio class=\"wp-audio-shortcode\" id=\"audio-2967-1\" preload=\"none\" style=\"width: 100%;\" controls=\"controls\"><source type=\"audio\/mpeg\" src=\"https:\/\/agora.xtec.cat\/ceip-joan-coret\/wp-content\/uploads\/usu1194\/2020\/03\/catal\u00e0-2017-1.mp3?_=1\" \/><a href=\"https:\/\/agora.xtec.cat\/ceip-joan-coret\/wp-content\/uploads\/usu1194\/2020\/03\/catal\u00e0-2017-1.mp3\">https:\/\/agora.xtec.cat\/ceip-joan-coret\/wp-content\/uploads\/usu1194\/2020\/03\/catal\u00e0-2017-1.mp3<\/a><\/audio><\/td>\n<td style=\"width: 261px;\"><\/td>\n<\/tr>\n<tr>\n<td style=\"width: 240px;\">\n<h6>full respostes medi:<\/h6>\n<h6><a href=\"https:\/\/agora.xtec.cat\/ceip-joan-coret\/wp-content\/uploads\/usu1194\/2020\/03\/medi-natural.docx\">medi natural<\/a><\/h6>\n<\/td>\n<td style=\"width: 261px;\"><\/td>\n<\/tr>\n<tr>\n<td style=\"width: 240px;\">\n<h6><a href=\"https:\/\/agora.xtec.cat\/ceip-joan-coret\/wp-content\/uploads\/usu1194\/2020\/03\/material-orientatiu-medi-natural.pdf\">material-orientatiu-medi-natural<\/a><\/h6>\n<\/td>\n<td style=\"width: 261px;\"><\/td>\n<\/tr>\n<\/tbody>\n<\/table>\n","protected":false},"excerpt":{"rendered":"<p>Hola, com cada dilluns, ja tenim aqu\u00ed les compet\u00e8ncies d&#8217;aquesta setmana.<\/p>\n<p><a href=\"https:\/\/agora.xtec.cat\/ceip-joan-coret\/wp-content\/uploads\/usu1194\/2020\/03\/CATALA-2017.pdf\">CATALA-2017<\/a><\/p>\n<p><a href=\"https:\/\/agora.xtec.cat\/ceip-joan-coret\/wp-content\/uploads\/usu1194\/2020\/03\/MATEMATIQUES-2017.pdf\">MATEMATIQUES-2017<\/a><\/p>\n<p><a href=\"https:\/\/agora.xtec.cat\/ceip-joan-coret\/wp-content\/uploads\/usu1194\/2020\/03\/CATALA_FULL_RESPOSTES_16-17.pdf\">CATALA_FULL_RESPOSTES_16-17<\/a><\/p>\n<p><a href=\"https:\/\/agora.xtec.cat\/ceip-joan-coret\/wp-content\/uploads\/usu1194\/2020\/03\/MATES_FULL_RESPOSTES_16-17.pdf\">MATES_FULL_RESPOSTES_16-17<\/a><\/p>\n<p><a href=\"https:\/\/agora.xtec.cat\/ceip-joan-coret\/wp-content\/uploads\/usu1194\/2020\/03\/catal\u00e0-2017-1.mp3\">https:\/\/agora.xtec.cat\/ceip-joan-coret\/wp-content\/uploads\/usu1194\/2020\/03\/catal\u00e0-2017-1.mp3<\/a><\/p>\n<p>full respostes medi:<br \/>\n<a href=\"https:\/\/agora.xtec.cat\/ceip-joan-coret\/wp-content\/uploads\/usu1194\/2020\/03\/medi-natural.docx\">medi natural<\/a><\/p>\n<p><a href=\"https:\/\/agora.xtec.cat\/ceip-joan-coret\/wp-content\/uploads\/usu1194\/2020\/03\/material-orientatiu-medi-natural.pdf\">material-orientatiu-medi-natural<\/a><\/p>\n","protected":false},"author":3,"featured_media":0,"comment_status":"open","ping_status":"closed","sticky":false,"template":"","format":"standard","meta":{"_bbp_topic_count":0,"_bbp_reply_count":0,"_bbp_total_topic_count":0,"_bbp_total_reply_count":0,"_bbp_voice_count":0,"_bbp_anonymous_reply_count":0,"_bbp_topic_count_hidden":0,"_bbp_reply_count_hidden":0,"_bbp_forum_subforum_count":0,"footnotes":""},"categories":[15],"tags":[330],"class_list":["post-2967","post","type-post","status-publish","format-standard","hentry","category-6e","tag-joemquedoacasa"],"post_mailing_queue_ids":[],"_links":{"self":[{"href":"https:\/\/agora.xtec.cat\/ceip-joan-coret\/wp-json\/wp\/v2\/posts\/2967","targetHints":{"allow":["GET"]}}],"collection":[{"href":"https:\/\/agora.xtec.cat\/ceip-joan-coret\/wp-json\/wp\/v2\/posts"}],"about":[{"href":"https:\/\/agora.xtec.cat\/ceip-joan-coret\/wp-json\/wp\/v2\/types\/post"}],"author":[{"embeddable":true,"href":"https:\/\/agora.xtec.cat\/ceip-joan-coret\/wp-json\/wp\/v2\/users\/3"}],"replies":[{"embeddable":true,"href":"https:\/\/agora.xtec.cat\/ceip-joan-coret\/wp-json\/wp\/v2\/comments?post=2967"}],"version-history":[{"count":3,"href":"https:\/\/agora.xtec.cat\/ceip-joan-coret\/wp-json\/wp\/v2\/posts\/2967\/revisions"}],"predecessor-version":[{"id":3049,"href":"https:\/\/agora.xtec.cat\/ceip-joan-coret\/wp-json\/wp\/v2\/posts\/2967\/revisions\/3049"}],"wp:attachment":[{"href":"https:\/\/agora.xtec.cat\/ceip-joan-coret\/wp-json\/wp\/v2\/media?parent=2967"}],"wp:term":[{"taxonomy":"category","embeddable":true,"href":"https:\/\/agora.xtec.cat\/ceip-joan-coret\/wp-json\/wp\/v2\/categories?post=2967"},{"taxonomy":"post_tag","embeddable":true,"href":"https:\/\/agora.xtec.cat\/ceip-joan-coret\/wp-json\/wp\/v2\/tags?post=2967"}],"curies":[{"name":"wp","href":"https:\/\/api.w.org\/{rel}","templated":true}]}}