{"id":2953,"date":"2020-03-28T19:20:02","date_gmt":"2020-03-28T18:20:02","guid":{"rendered":"http:\/\/agora.xtec.cat\/ceip-joan-coret\/?p=2953"},"modified":"2020-03-28T19:21:07","modified_gmt":"2020-03-28T18:21:07","slug":"solucions-competencies-dia-16","status":"publish","type":"post","link":"https:\/\/agora.xtec.cat\/ceip-joan-coret\/primaria\/6e\/solucions-competencies-dia-16\/","title":{"rendered":"Solucions compet\u00e8ncies dia 16"},"content":{"rendered":"<p>Hola, us enviem el full de correccions de les respostes tancades (x) de les compet\u00e8ncies que us vam enviar el dia 16 (matem\u00e0tiques, catal\u00e0 i medi natural) i les del dia 19 (castell\u00e0). Les respostes obertes ja us direm com ens les podeu fer arribar per a corregir-les (estem acabant de decidir com fer-ho i que us sigui f\u00e0cil). Moltes gr\u00e0cies i esperem que estigueu fent tota la feina!!<\/p>\n<table>\n<tbody>\n<tr>\n<td><a href=\"https:\/\/agora.xtec.cat\/ceip-joan-coret\/wp-content\/uploads\/usu1194\/2020\/03\/full-respostes-medi-2018.pdf\">full-respostes-medi-2018<\/a><\/td>\n<td><a href=\"https:\/\/agora.xtec.cat\/ceip-joan-coret\/wp-content\/uploads\/usu1194\/2020\/03\/full-respostes-mates-2018.pdf\">full-respostes-mates-2018<\/a><\/td>\n<td><a href=\"https:\/\/agora.xtec.cat\/ceip-joan-coret\/wp-content\/uploads\/usu1194\/2020\/03\/full-respostes-catala-2018.pdf\">full-respostes-catala-2018<\/a><\/td>\n<td><a href=\"https:\/\/agora.xtec.cat\/ceip-joan-coret\/wp-content\/uploads\/usu1194\/2020\/03\/RESP_CASTELLA-2017.pdf\">RESP_CASTELLA-2017<\/a><\/td>\n<\/tr>\n<\/tbody>\n<\/table>\n<p>#totanir\u00e0b\u00e9<\/p>\n","protected":false},"excerpt":{"rendered":"<p>Hola, us enviem el full de correccions de les respostes tancades (x) de les compet\u00e8ncies que us vam enviar el dia 16 (matem\u00e0tiques, catal\u00e0 i medi natural) i les del dia 19 (castell\u00e0). Les respostes obertes ja us direm com ens les podeu fer arribar&hellip;  <a href=\"https:\/\/agora.xtec.cat\/ceip-joan-coret\/primaria\/6e\/solucions-competencies-dia-16\/\" title=\"Read Solucions compet\u00e8ncies dia 16\">Llegeix m\u00e9s\u00bb<\/a><\/p>\n","protected":false},"author":3,"featured_media":0,"comment_status":"open","ping_status":"closed","sticky":false,"template":"","format":"standard","meta":{"_bbp_topic_count":0,"_bbp_reply_count":0,"_bbp_total_topic_count":0,"_bbp_total_reply_count":0,"_bbp_voice_count":0,"_bbp_anonymous_reply_count":0,"_bbp_topic_count_hidden":0,"_bbp_reply_count_hidden":0,"_bbp_forum_subforum_count":0,"footnotes":""},"categories":[15],"tags":[65,312],"class_list":["post-2953","post","type-post","status-publish","format-standard","hentry","category-6e","tag-6e","tag-totanirabe"],"post_mailing_queue_ids":[],"_links":{"self":[{"href":"https:\/\/agora.xtec.cat\/ceip-joan-coret\/wp-json\/wp\/v2\/posts\/2953","targetHints":{"allow":["GET"]}}],"collection":[{"href":"https:\/\/agora.xtec.cat\/ceip-joan-coret\/wp-json\/wp\/v2\/posts"}],"about":[{"href":"https:\/\/agora.xtec.cat\/ceip-joan-coret\/wp-json\/wp\/v2\/types\/post"}],"author":[{"embeddable":true,"href":"https:\/\/agora.xtec.cat\/ceip-joan-coret\/wp-json\/wp\/v2\/users\/3"}],"replies":[{"embeddable":true,"href":"https:\/\/agora.xtec.cat\/ceip-joan-coret\/wp-json\/wp\/v2\/comments?post=2953"}],"version-history":[{"count":2,"href":"https:\/\/agora.xtec.cat\/ceip-joan-coret\/wp-json\/wp\/v2\/posts\/2953\/revisions"}],"predecessor-version":[{"id":2960,"href":"https:\/\/agora.xtec.cat\/ceip-joan-coret\/wp-json\/wp\/v2\/posts\/2953\/revisions\/2960"}],"wp:attachment":[{"href":"https:\/\/agora.xtec.cat\/ceip-joan-coret\/wp-json\/wp\/v2\/media?parent=2953"}],"wp:term":[{"taxonomy":"category","embeddable":true,"href":"https:\/\/agora.xtec.cat\/ceip-joan-coret\/wp-json\/wp\/v2\/categories?post=2953"},{"taxonomy":"post_tag","embeddable":true,"href":"https:\/\/agora.xtec.cat\/ceip-joan-coret\/wp-json\/wp\/v2\/tags?post=2953"}],"curies":[{"name":"wp","href":"https:\/\/api.w.org\/{rel}","templated":true}]}}