{"id":2906,"date":"2020-03-27T18:54:57","date_gmt":"2020-03-27T17:54:57","guid":{"rendered":"http:\/\/agora.xtec.cat\/ceip-joan-coret\/?p=2906"},"modified":"2020-04-12T10:25:21","modified_gmt":"2020-04-12T08:25:21","slug":"seguim-treballant","status":"publish","type":"post","link":"https:\/\/agora.xtec.cat\/ceip-joan-coret\/primaria\/5e\/seguim-treballant\/","title":{"rendered":"Seguim treballant!!!"},"content":{"rendered":"<p>Hola, fam\u00edlies i alumnat de 5\u00e8.<br \/>\nPer no perdre el ritme continuem treballant una mica. Els dies s\u00f3n llargs i donen per tot: veure la tele, jugar amb l&#8217;ordinador, algun joc de taula, algun exercicis f\u00edsics&#8230; i tamb\u00e9 alguna estoneta per treballar i no perdre tot all\u00f2 que hem apr\u00e8s al cole.<br \/>\nAqu\u00ed us deixo les activitats per al cap de setmana. Fins dilluns a la nit no enviarem res m\u00e9s!!<br \/>\nQue vagi molt b\u00e9.<br \/>\nUna abra\u00e7ada.<br \/>\nPilar<\/p>\n<p><a href=\"https:\/\/agora.xtec.cat\/ceip-joan-coret\/wp-content\/uploads\/usu1194\/2020\/03\/Fitxa-5.pdf\">Fitxa 5<\/a><\/p>\n<p><a href=\"https:\/\/agora.xtec.cat\/ceip-joan-coret\/wp-content\/uploads\/usu1194\/2020\/03\/Fitxa-6.pdf\">Fitxa 6<\/a><\/p>\n<p><a href=\"https:\/\/agora.xtec.cat\/ceip-joan-coret\/wp-content\/uploads\/usu1194\/2020\/03\/Fitxa-b-v-6.pdf\">Fitxa b, v 6<\/a><\/p>\n<p><a href=\"https:\/\/agora.xtec.cat\/ceip-joan-coret\/wp-content\/uploads\/usu1194\/2020\/03\/mat5ep_U01_rd04_avaluacioinicial.pdf\">mat5ep_U01_rd04_avaluacioinicial<\/a><\/p>\n<p><a href=\"https:\/\/agora.xtec.cat\/ceip-joan-coret\/wp-content\/uploads\/usu1194\/2020\/03\/soluci\u00f3-fitxa-bv.pdf\">soluci\u00f3 fitxa b,v<\/a><\/p>\n<p><a href=\"https:\/\/agora.xtec.cat\/ceip-joan-coret\/wp-content\/uploads\/usu1194\/2020\/03\/Solucions-av.-inicial-mates.pdf\">Solucions av. inicial mates<\/a><\/p>\n<p><a href=\"https:\/\/agora.xtec.cat\/ceip-joan-coret\/wp-content\/uploads\/usu1194\/2020\/03\/Solucions-fitxa-5-6.pdf\">Solucions fitxa 5, 6<\/a><\/p>\n<p><a href=\"https:\/\/agora.xtec.cat\/ceip-joan-coret\/wp-content\/uploads\/usu1194\/2020\/03\/Sports-scene-Battleship-5th.docx\">Sports scene Battleship 5th<\/a><\/p>\n","protected":false},"excerpt":{"rendered":"<p>M\u00e9s cosetes per seguir treballant.&hellip;  <a href=\"https:\/\/agora.xtec.cat\/ceip-joan-coret\/primaria\/5e\/seguim-treballant\/\" title=\"Read Seguim treballant!!!\">Llegeix m\u00e9s\u00bb<\/a><\/p>\n","protected":false},"author":10,"featured_media":0,"comment_status":"open","ping_status":"closed","sticky":false,"template":"","format":"standard","meta":{"_bbp_topic_count":0,"_bbp_reply_count":0,"_bbp_total_topic_count":0,"_bbp_total_reply_count":0,"_bbp_voice_count":0,"_bbp_anonymous_reply_count":0,"_bbp_topic_count_hidden":0,"_bbp_reply_count_hidden":0,"_bbp_forum_subforum_count":0,"footnotes":""},"categories":[14],"tags":[330],"class_list":["post-2906","post","type-post","status-publish","format-standard","hentry","category-5e","tag-joemquedoacasa"],"post_mailing_queue_ids":[],"_links":{"self":[{"href":"https:\/\/agora.xtec.cat\/ceip-joan-coret\/wp-json\/wp\/v2\/posts\/2906","targetHints":{"allow":["GET"]}}],"collection":[{"href":"https:\/\/agora.xtec.cat\/ceip-joan-coret\/wp-json\/wp\/v2\/posts"}],"about":[{"href":"https:\/\/agora.xtec.cat\/ceip-joan-coret\/wp-json\/wp\/v2\/types\/post"}],"author":[{"embeddable":true,"href":"https:\/\/agora.xtec.cat\/ceip-joan-coret\/wp-json\/wp\/v2\/users\/10"}],"replies":[{"embeddable":true,"href":"https:\/\/agora.xtec.cat\/ceip-joan-coret\/wp-json\/wp\/v2\/comments?post=2906"}],"version-history":[{"count":1,"href":"https:\/\/agora.xtec.cat\/ceip-joan-coret\/wp-json\/wp\/v2\/posts\/2906\/revisions"}],"predecessor-version":[{"id":2915,"href":"https:\/\/agora.xtec.cat\/ceip-joan-coret\/wp-json\/wp\/v2\/posts\/2906\/revisions\/2915"}],"wp:attachment":[{"href":"https:\/\/agora.xtec.cat\/ceip-joan-coret\/wp-json\/wp\/v2\/media?parent=2906"}],"wp:term":[{"taxonomy":"category","embeddable":true,"href":"https:\/\/agora.xtec.cat\/ceip-joan-coret\/wp-json\/wp\/v2\/categories?post=2906"},{"taxonomy":"post_tag","embeddable":true,"href":"https:\/\/agora.xtec.cat\/ceip-joan-coret\/wp-json\/wp\/v2\/tags?post=2906"}],"curies":[{"name":"wp","href":"https:\/\/api.w.org\/{rel}","templated":true}]}}