{"id":2892,"date":"2020-03-27T12:39:51","date_gmt":"2020-03-27T11:39:51","guid":{"rendered":"http:\/\/agora.xtec.cat\/ceip-joan-coret\/?p=2892"},"modified":"2020-04-12T10:26:05","modified_gmt":"2020-04-12T08:26:05","slug":"horari-orientatiu-de-tasques","status":"publish","type":"post","link":"https:\/\/agora.xtec.cat\/ceip-joan-coret\/general\/horari-orientatiu-de-tasques\/","title":{"rendered":"HORARI ORIENTATIU DE TASQUES"},"content":{"rendered":"<p>HOLA\u00a0 A\u00a0 TOTA\u00a0 LA\u00a0 FAM\u00cdLIA\u00a0 DEL\u00a0 CICLE\u00a0 INICIAL, COM ESTEU TOTS? US DEIXEM AQU\u00cd UN ENLLA\u00c7 A UN HORARI ORIENTATIU DE TASQUES QUE PODEU FER DE LES DIFERENTS \u00c0REES, QUE TREBALLEM A L&#8217;ESCOLA, ESPEREM QUE US SIGUI \u00daTIL.<\/p>\n<p style=\"text-align: center\">CLICA DAMUNT<\/p>\n<p><a href=\"https:\/\/drive.google.com\/open?id=1Gf2WkGyj67lzSTj_G8TW_kL3AykA0HPc\"><img loading=\"lazy\" decoding=\"async\" class=\"wp-image-2893 size-medium aligncenter\" src=\"https:\/\/agora.xtec.cat\/ceip-joan-coret\/wp-content\/uploads\/usu1194\/2020\/03\/Imagen2-300x170.jpg\" alt=\"\" width=\"300\" height=\"170\" srcset=\"https:\/\/agora.xtec.cat\/ceip-joan-coret\/wp-content\/uploads\/usu1194\/2020\/03\/Imagen2-300x170.jpg 300w, https:\/\/agora.xtec.cat\/ceip-joan-coret\/wp-content\/uploads\/usu1194\/2020\/03\/Imagen2-768x435.jpg 768w, https:\/\/agora.xtec.cat\/ceip-joan-coret\/wp-content\/uploads\/usu1194\/2020\/03\/Imagen2-1024x581.jpg 1024w, https:\/\/agora.xtec.cat\/ceip-joan-coret\/wp-content\/uploads\/usu1194\/2020\/03\/Imagen2.jpg 1970w\" sizes=\"auto, (max-width: 300px) 100vw, 300px\" \/><\/a><\/p>\n<p>&nbsp;<\/p>\n","protected":false},"excerpt":{"rendered":"<p>HOLA\u00a0 A\u00a0 TOTA\u00a0 LA\u00a0 FAM\u00cdLIA\u00a0 DEL\u00a0 CICLE\u00a0 INICIAL, COM ESTEU TOTS? US DEIXEM AQU\u00cd UN ENLLA\u00c7 A UN HORARI ORIENTATIU DE TASQUES QUE PODEU FER DE LES DIFERENTS \u00c0REES, QUE TREBALLEM A L&#8217;ESCOLA, ESPEREM QUE US SIGUI \u00daTIL.<br \/>\nCLICA DAMUNT<br \/>\n<a href=\"https:\/\/drive.google.com\/open?id=1Gf2WkGyj67lzSTj_G8TW_kL3AykA0HPc\"><\/a><br \/>\n&nbsp;<\/p>\n","protected":false},"author":69,"featured_media":1023,"comment_status":"open","ping_status":"closed","sticky":false,"template":"","format":"standard","meta":{"_bbp_topic_count":0,"_bbp_reply_count":0,"_bbp_total_topic_count":0,"_bbp_total_reply_count":0,"_bbp_voice_count":0,"_bbp_anonymous_reply_count":0,"_bbp_topic_count_hidden":0,"_bbp_reply_count_hidden":0,"_bbp_forum_subforum_count":0,"footnotes":""},"categories":[10,11,1,4,5],"tags":[330,93,94,314],"class_list":["post-2892","post","type-post","status-publish","format-standard","has-post-thumbnail","hentry","category-1r","category-2n","category-general","category-portada","category-primaria","tag-joemquedoacasa","tag-1r","tag-2n","tag-horari"],"post_mailing_queue_ids":[],"_links":{"self":[{"href":"https:\/\/agora.xtec.cat\/ceip-joan-coret\/wp-json\/wp\/v2\/posts\/2892","targetHints":{"allow":["GET"]}}],"collection":[{"href":"https:\/\/agora.xtec.cat\/ceip-joan-coret\/wp-json\/wp\/v2\/posts"}],"about":[{"href":"https:\/\/agora.xtec.cat\/ceip-joan-coret\/wp-json\/wp\/v2\/types\/post"}],"author":[{"embeddable":true,"href":"https:\/\/agora.xtec.cat\/ceip-joan-coret\/wp-json\/wp\/v2\/users\/69"}],"replies":[{"embeddable":true,"href":"https:\/\/agora.xtec.cat\/ceip-joan-coret\/wp-json\/wp\/v2\/comments?post=2892"}],"version-history":[{"count":4,"href":"https:\/\/agora.xtec.cat\/ceip-joan-coret\/wp-json\/wp\/v2\/posts\/2892\/revisions"}],"predecessor-version":[{"id":2898,"href":"https:\/\/agora.xtec.cat\/ceip-joan-coret\/wp-json\/wp\/v2\/posts\/2892\/revisions\/2898"}],"wp:featuredmedia":[{"embeddable":true,"href":"https:\/\/agora.xtec.cat\/ceip-joan-coret\/wp-json\/wp\/v2\/media\/1023"}],"wp:attachment":[{"href":"https:\/\/agora.xtec.cat\/ceip-joan-coret\/wp-json\/wp\/v2\/media?parent=2892"}],"wp:term":[{"taxonomy":"category","embeddable":true,"href":"https:\/\/agora.xtec.cat\/ceip-joan-coret\/wp-json\/wp\/v2\/categories?post=2892"},{"taxonomy":"post_tag","embeddable":true,"href":"https:\/\/agora.xtec.cat\/ceip-joan-coret\/wp-json\/wp\/v2\/tags?post=2892"}],"curies":[{"name":"wp","href":"https:\/\/api.w.org\/{rel}","templated":true}]}}