{"id":2884,"date":"2020-03-26T14:24:14","date_gmt":"2020-03-26T13:24:14","guid":{"rendered":"http:\/\/agora.xtec.cat\/ceip-joan-coret\/?p=2884"},"modified":"2020-04-13T10:38:25","modified_gmt":"2020-04-13T08:38:25","slug":"competencies-basiques-castella-dijous-26","status":"publish","type":"post","link":"https:\/\/agora.xtec.cat\/ceip-joan-coret\/primaria\/6e\/competencies-basiques-castella-dijous-26\/","title":{"rendered":"Compet\u00e8ncies b\u00e0siques Castell\u00e0 Dijous 26"},"content":{"rendered":"<p>Hola nenes i nens de 6\u00e8!! Ja tenim una altra prova de compet\u00e8ncies b\u00e0siques, en aquest cas \u00e9s la de castell\u00e0. Recordeu, nom\u00e9s cal imprimir el full de respostes. La prova i l&#8217;\u00e0udio no cal que us el descarregueu doncs el podeu veure i sentir online. Molts \u00e0nims!! #totanir\u00e0b\u00e9<\/p>\n<table style=\"width: 383px; height: 167px;\">\n<tbody>\n<tr style=\"height: 31px;\">\n<td style=\"width: 377px; height: 31px;\"><a href=\"https:\/\/agora.xtec.cat\/ceip-joan-coret\/wp-content\/uploads\/usu1194\/2020\/03\/prova-castella-2019.pdf\">prova-castella-2019<\/a><\/td>\n<\/tr>\n<tr style=\"height: 74px;\">\n<td style=\"width: 377px; height: 74px;\"><!--[if lt IE 9]><script>document.createElement('audio');<\/script><![endif]-->\n<audio class=\"wp-audio-shortcode\" id=\"audio-2884-1\" preload=\"none\" style=\"width: 100%;\" controls=\"controls\"><source type=\"audio\/mpeg\" src=\"https:\/\/agora.xtec.cat\/ceip-joan-coret\/wp-content\/uploads\/usu1194\/2020\/03\/\u00e0udio-castell\u00e0.mp3?_=1\" \/><a href=\"https:\/\/agora.xtec.cat\/ceip-joan-coret\/wp-content\/uploads\/usu1194\/2020\/03\/\u00e0udio-castell\u00e0.mp3\">https:\/\/agora.xtec.cat\/ceip-joan-coret\/wp-content\/uploads\/usu1194\/2020\/03\/\u00e0udio-castell\u00e0.mp3<\/a><\/audio><\/td>\n<\/tr>\n<tr style=\"height: 31px;\">\n<td style=\"width: 377px; height: 31px;\"><a style=\"color: #2795b6;\" href=\"https:\/\/agora.xtec.cat\/ceip-joan-coret\/wp-content\/uploads\/usu1194\/2020\/03\/full1-buit-castella-2019.pdf\">full1-buit-castella-2019<\/a><\/td>\n<\/tr>\n<tr style=\"height: 31px;\">\n<td style=\"width: 377px; height: 31px;\"><a href=\"https:\/\/agora.xtec.cat\/ceip-joan-coret\/wp-content\/uploads\/usu1194\/2020\/03\/full2-buit-castella-2019.pdf\">full2-buit-castella-2019<\/a><\/td>\n<\/tr>\n<\/tbody>\n<\/table>\n","protected":false},"excerpt":{"rendered":"<p>Hola nenes i nens de 6\u00e8!! Ja tenim una altra prova de compet\u00e8ncies b\u00e0siques, en aquest cas \u00e9s la de castell\u00e0. Recordeu, nom\u00e9s cal imprimir el full de respostes. La prova i l&#8217;\u00e0udio no cal que us el descarregueu doncs el podeu veure i sentir&hellip;  <a href=\"https:\/\/agora.xtec.cat\/ceip-joan-coret\/primaria\/6e\/competencies-basiques-castella-dijous-26\/\" title=\"Read Compet\u00e8ncies b\u00e0siques Castell\u00e0 Dijous 26\">Llegeix m\u00e9s\u00bb<\/a><\/p>\n","protected":false},"author":3,"featured_media":0,"comment_status":"open","ping_status":"closed","sticky":false,"template":"","format":"standard","meta":{"_bbp_topic_count":0,"_bbp_reply_count":0,"_bbp_total_topic_count":0,"_bbp_total_reply_count":0,"_bbp_voice_count":0,"_bbp_anonymous_reply_count":0,"_bbp_topic_count_hidden":0,"_bbp_reply_count_hidden":0,"_bbp_forum_subforum_count":0,"footnotes":""},"categories":[15],"tags":[330,65,308,312],"class_list":["post-2884","post","type-post","status-publish","format-standard","hentry","category-6e","tag-joemquedoacasa","tag-6e","tag-competencies-basiques","tag-totanirabe"],"post_mailing_queue_ids":[],"_links":{"self":[{"href":"https:\/\/agora.xtec.cat\/ceip-joan-coret\/wp-json\/wp\/v2\/posts\/2884","targetHints":{"allow":["GET"]}}],"collection":[{"href":"https:\/\/agora.xtec.cat\/ceip-joan-coret\/wp-json\/wp\/v2\/posts"}],"about":[{"href":"https:\/\/agora.xtec.cat\/ceip-joan-coret\/wp-json\/wp\/v2\/types\/post"}],"author":[{"embeddable":true,"href":"https:\/\/agora.xtec.cat\/ceip-joan-coret\/wp-json\/wp\/v2\/users\/3"}],"replies":[{"embeddable":true,"href":"https:\/\/agora.xtec.cat\/ceip-joan-coret\/wp-json\/wp\/v2\/comments?post=2884"}],"version-history":[{"count":1,"href":"https:\/\/agora.xtec.cat\/ceip-joan-coret\/wp-json\/wp\/v2\/posts\/2884\/revisions"}],"predecessor-version":[{"id":2889,"href":"https:\/\/agora.xtec.cat\/ceip-joan-coret\/wp-json\/wp\/v2\/posts\/2884\/revisions\/2889"}],"wp:attachment":[{"href":"https:\/\/agora.xtec.cat\/ceip-joan-coret\/wp-json\/wp\/v2\/media?parent=2884"}],"wp:term":[{"taxonomy":"category","embeddable":true,"href":"https:\/\/agora.xtec.cat\/ceip-joan-coret\/wp-json\/wp\/v2\/categories?post=2884"},{"taxonomy":"post_tag","embeddable":true,"href":"https:\/\/agora.xtec.cat\/ceip-joan-coret\/wp-json\/wp\/v2\/tags?post=2884"}],"curies":[{"name":"wp","href":"https:\/\/api.w.org\/{rel}","templated":true}]}}