{"id":2851,"date":"2020-03-25T11:29:05","date_gmt":"2020-03-25T10:29:05","guid":{"rendered":"http:\/\/agora.xtec.cat\/ceip-joan-coret\/?p=2851"},"modified":"2020-03-25T19:40:17","modified_gmt":"2020-03-25T18:40:17","slug":"feines-5e","status":"publish","type":"post","link":"https:\/\/agora.xtec.cat\/ceip-joan-coret\/primaria\/5e\/feines-5e\/","title":{"rendered":"Feines 5\u00e8."},"content":{"rendered":"<p>Hola. Us deixem les feines que vam enviar ahir via mail, perqu\u00e8 tothom les pugui veure tamb\u00e9 per aqu\u00ed.<br \/>\nEndavant!!!<br \/>\nUna abra\u00e7ada.<br \/>\nPilar<a href=\"https:\/\/agora.xtec.cat\/ceip-joan-coret\/wp-content\/uploads\/usu1194\/2020\/03\/Agudes-planes-i-esdr\u00faixoles-Soluci\u00f3-1.doc\">Agudes, planes i esdr\u00faixoles Soluci\u00f3<\/a><\/p>\n<p><a href=\"https:\/\/agora.xtec.cat\/ceip-joan-coret\/wp-content\/uploads\/usu1194\/2020\/03\/Agudes-planes-i-esdr\u00faixoles-1.doc\">Agudes, planes i esdr\u00faixoles<\/a><\/p>\n<p><a href=\"https:\/\/agora.xtec.cat\/ceip-joan-coret\/wp-content\/uploads\/usu1194\/2020\/03\/mat5ep_U05_rd02_activitat09-1.pdf\">mat5ep_U05_rd02_activitat09<\/a><\/p>\n<p><a href=\"https:\/\/agora.xtec.cat\/ceip-joan-coret\/wp-content\/uploads\/usu1194\/2020\/03\/mat5ep_U05_rd02_activitat13-1.pdf\">mat5ep_U05_rd02_activitat13<\/a><\/p>\n<p><a href=\"https:\/\/agora.xtec.cat\/ceip-joan-coret\/wp-content\/uploads\/usu1194\/2020\/03\/mat5ep_U05_rd02_activitat15-1.pdf\">mat5ep_U05_rd02_activitat15<\/a><\/p>\n<p><a href=\"https:\/\/agora.xtec.cat\/ceip-joan-coret\/wp-content\/uploads\/usu1194\/2020\/03\/mat5ep_U05_rd02_activitat22-1.pdf\">mat5ep_U05_rd02_activitat22<\/a><\/p>\n<p><a href=\"https:\/\/agora.xtec.cat\/ceip-joan-coret\/wp-content\/uploads\/usu1194\/2020\/03\/Solucions-activ-9131522-1.pdf\">Solucions activ 9,13,15,22<\/a><\/p>\n","protected":false},"excerpt":{"rendered":"<p>Feines per anar fent a casa, en aquests dies de confinament.&hellip;  <a href=\"https:\/\/agora.xtec.cat\/ceip-joan-coret\/primaria\/5e\/feines-5e\/\" title=\"Read Feines 5\u00e8.\">Llegeix m\u00e9s\u00bb<\/a><\/p>\n","protected":false},"author":10,"featured_media":0,"comment_status":"open","ping_status":"closed","sticky":false,"template":"","format":"standard","meta":{"_bbp_topic_count":0,"_bbp_reply_count":0,"_bbp_total_topic_count":0,"_bbp_total_reply_count":0,"_bbp_voice_count":0,"_bbp_anonymous_reply_count":0,"_bbp_topic_count_hidden":0,"_bbp_reply_count_hidden":0,"_bbp_forum_subforum_count":0,"footnotes":""},"categories":[14],"tags":[68,313],"class_list":["post-2851","post","type-post","status-publish","format-standard","hentry","category-5e","tag-5e","tag-feines"],"post_mailing_queue_ids":[],"_links":{"self":[{"href":"https:\/\/agora.xtec.cat\/ceip-joan-coret\/wp-json\/wp\/v2\/posts\/2851","targetHints":{"allow":["GET"]}}],"collection":[{"href":"https:\/\/agora.xtec.cat\/ceip-joan-coret\/wp-json\/wp\/v2\/posts"}],"about":[{"href":"https:\/\/agora.xtec.cat\/ceip-joan-coret\/wp-json\/wp\/v2\/types\/post"}],"author":[{"embeddable":true,"href":"https:\/\/agora.xtec.cat\/ceip-joan-coret\/wp-json\/wp\/v2\/users\/10"}],"replies":[{"embeddable":true,"href":"https:\/\/agora.xtec.cat\/ceip-joan-coret\/wp-json\/wp\/v2\/comments?post=2851"}],"version-history":[{"count":1,"href":"https:\/\/agora.xtec.cat\/ceip-joan-coret\/wp-json\/wp\/v2\/posts\/2851\/revisions"}],"predecessor-version":[{"id":2859,"href":"https:\/\/agora.xtec.cat\/ceip-joan-coret\/wp-json\/wp\/v2\/posts\/2851\/revisions\/2859"}],"wp:attachment":[{"href":"https:\/\/agora.xtec.cat\/ceip-joan-coret\/wp-json\/wp\/v2\/media?parent=2851"}],"wp:term":[{"taxonomy":"category","embeddable":true,"href":"https:\/\/agora.xtec.cat\/ceip-joan-coret\/wp-json\/wp\/v2\/categories?post=2851"},{"taxonomy":"post_tag","embeddable":true,"href":"https:\/\/agora.xtec.cat\/ceip-joan-coret\/wp-json\/wp\/v2\/tags?post=2851"}],"curies":[{"name":"wp","href":"https:\/\/api.w.org\/{rel}","templated":true}]}}