{"id":2827,"date":"2020-03-23T23:14:11","date_gmt":"2020-03-23T22:14:11","guid":{"rendered":"http:\/\/agora.xtec.cat\/ceip-joan-coret\/?p=2827"},"modified":"2020-04-13T10:39:31","modified_gmt":"2020-04-13T08:39:31","slug":"recursos-propostes-area-de-coneixement-del-medi","status":"publish","type":"post","link":"https:\/\/agora.xtec.cat\/ceip-joan-coret\/primaria\/6e\/recursos-propostes-area-de-coneixement-del-medi\/","title":{"rendered":"Recursos\/propostes \u00e0rea de Coneixement del Medi"},"content":{"rendered":"<p>Benvolgudes fam\u00edlies,<\/p>\n<p>Us adjuntem un seguit de v\u00eddeos i enlla\u00e7os web per tal que els\/les alumnes puguin tant repassar, en el cas de Medi Social, com anar fent-se una idea del nou tema, en el cas de Medi Natural:<\/p>\n<p><strong><u>MEDI SOCIAL<\/u><\/strong><\/p>\n<p>Recursos web (i curiositats) sobre el tema \u201cLa terra, un planeta del Sistema Solar\u201d<\/p>\n<ul>\n<li>V\u00eddeo en angl\u00e8s sobre l\u2019Univers <a href=\"https:\/\/www.youtube.com\/watch?feature=player_embedded&amp;v=hX-hwFtAcOw\">https:\/\/www.youtube.com\/watch?feature=player_embedded&amp;v=hX-hwFtAcOw<\/a><\/li>\n<li>Una mirada di\u00e0ria als astres: aplicacions per observar els diferents astres <a href=\"http:\/\/www.nostranau.net\/\">http:\/\/www.nostranau.net\/<\/a><\/li>\n<li>Fotografies d\u2019eclipsis al m\u00f3n <a href=\"http:\/\/www.eclipsis.cat\/\">http:\/\/www.eclipsis.cat\/<\/a><\/li>\n<li>Les constel\u00b7lacions:<\/li>\n<\/ul>\n<p>http:\/\/www.astroviewer.com\/current-nightsky.php?lon=2.17&amp;lat=41.4&amp;city=Barcelona&amp;tz=CET (visor de constel\u00b7lacions)<\/p>\n<p>http:\/\/spaceplace.nasa.gov\/starfinder\/sp\/ (construcci\u00f3 d\u2019un localitzador d\u2019estrelles)<\/p>\n<p>http:\/\/neave.com\/planetarium\/ (mapa interactiu de les constel\u00b7lacions)<\/p>\n<ul>\n<li>Aplicaci\u00f3 per observar la Lluna i les expedicions que s\u2019hi han fet <a href=\"http:\/\/www.google.com\/moon\/\">http:\/\/www.google.com\/moon\/<\/a><\/li>\n<li>V\u00eddeo en angl\u00e8s sobre la grand\u00e0ria dels planetes i les estrelles <a href=\"http:\/\/www.xtec.cat\/crp-girones\/recursos\/astronomia\/imatges-1.htm\">http:\/\/www.xtec.cat\/crp-girones\/recursos\/astronomia\/imatges-1.htm<\/a><\/li>\n<li>Aplicaci\u00f3 per buscar les coordenades geogr\u00e0fiques d\u2019un lloc <a href=\"http:\/\/www.mundivideo.com\/coordenadas.htm\">http:\/\/www.mundivideo.com\/coordenadas.htm<\/a><\/li>\n<\/ul>\n<p><strong><u>MEDI NATURAL<\/u><\/strong><\/p>\n<p>Despr\u00e9s d\u2019haver acabat el tema treballat sobre la mat\u00e8ria, i per tal de preparar-nos per al seg\u00fcent (Salut i malaltia) que treballarem en forma de projecte, podeu visualitzar els v\u00eddeos de la s\u00e8rie \u201c\u00c9rase una vez el cuerpo humano\u201d per anar \u201cobrint boca\u201d.<\/p>\n<p>&nbsp;<\/p>\n<p>Us encoratgem a que tingueu paci\u00e8ncia amb els vostres nens i nenes i que en la mesura del possible dediquin cada dia una estona a la feina escolar.<\/p>\n<p>Gr\u00e0cies, \u00e0nims i endavant!<\/p>\n","protected":false},"excerpt":{"rendered":"<p>Benvolgudes fam\u00edlies,<br \/>\nUs adjuntem un seguit de v\u00eddeos i enlla\u00e7os web per tal que els\/les alumnes puguin tant repassar, en el cas de Medi Social, com anar fent-se una idea del nou tema, en el cas de Medi Natural:<br \/>\nMEDI SOCIAL<br \/>\nRecursos web (i curiositats) sobre el tema&hellip;  <a href=\"https:\/\/agora.xtec.cat\/ceip-joan-coret\/primaria\/6e\/recursos-propostes-area-de-coneixement-del-medi\/\" title=\"Read Recursos\/propostes \u00e0rea de Coneixement del Medi\">Llegeix m\u00e9s\u00bb<\/a><\/p>\n","protected":false},"author":2,"featured_media":0,"comment_status":"open","ping_status":"closed","sticky":false,"template":"","format":"standard","meta":{"_bbp_topic_count":0,"_bbp_reply_count":0,"_bbp_total_topic_count":0,"_bbp_total_reply_count":0,"_bbp_voice_count":0,"_bbp_anonymous_reply_count":0,"_bbp_topic_count_hidden":0,"_bbp_reply_count_hidden":0,"_bbp_forum_subforum_count":0,"footnotes":""},"categories":[15],"tags":[330],"class_list":["post-2827","post","type-post","status-publish","format-standard","hentry","category-6e","tag-joemquedoacasa"],"post_mailing_queue_ids":[],"_links":{"self":[{"href":"https:\/\/agora.xtec.cat\/ceip-joan-coret\/wp-json\/wp\/v2\/posts\/2827","targetHints":{"allow":["GET"]}}],"collection":[{"href":"https:\/\/agora.xtec.cat\/ceip-joan-coret\/wp-json\/wp\/v2\/posts"}],"about":[{"href":"https:\/\/agora.xtec.cat\/ceip-joan-coret\/wp-json\/wp\/v2\/types\/post"}],"author":[{"embeddable":true,"href":"https:\/\/agora.xtec.cat\/ceip-joan-coret\/wp-json\/wp\/v2\/users\/2"}],"replies":[{"embeddable":true,"href":"https:\/\/agora.xtec.cat\/ceip-joan-coret\/wp-json\/wp\/v2\/comments?post=2827"}],"version-history":[{"count":1,"href":"https:\/\/agora.xtec.cat\/ceip-joan-coret\/wp-json\/wp\/v2\/posts\/2827\/revisions"}],"predecessor-version":[{"id":2828,"href":"https:\/\/agora.xtec.cat\/ceip-joan-coret\/wp-json\/wp\/v2\/posts\/2827\/revisions\/2828"}],"wp:attachment":[{"href":"https:\/\/agora.xtec.cat\/ceip-joan-coret\/wp-json\/wp\/v2\/media?parent=2827"}],"wp:term":[{"taxonomy":"category","embeddable":true,"href":"https:\/\/agora.xtec.cat\/ceip-joan-coret\/wp-json\/wp\/v2\/categories?post=2827"},{"taxonomy":"post_tag","embeddable":true,"href":"https:\/\/agora.xtec.cat\/ceip-joan-coret\/wp-json\/wp\/v2\/tags?post=2827"}],"curies":[{"name":"wp","href":"https:\/\/api.w.org\/{rel}","templated":true}]}}