{"id":2786,"date":"2020-03-23T11:58:09","date_gmt":"2020-03-23T10:58:09","guid":{"rendered":"http:\/\/agora.xtec.cat\/ceip-joan-coret\/?p=2786"},"modified":"2020-04-13T10:40:49","modified_gmt":"2020-04-13T08:40:49","slug":"competencies-dilluns-23-de-marc","status":"publish","type":"post","link":"https:\/\/agora.xtec.cat\/ceip-joan-coret\/primaria\/6e\/competencies-dilluns-23-de-marc\/","title":{"rendered":"Compet\u00e8ncies dilluns 23 de mar\u00e7"},"content":{"rendered":"<p>Hola 6\u00e8!! Esperem que tots i totes estigueu b\u00e9 i amb molta energia. Aqu\u00ed teniu les activitats que us vam dir a l&#8217;escola per a que les pogueu fer i aix\u00ed no perdre el ritme de l&#8217;escola. Ja les est\u00e0veu esperant oi? SI? Segur que si! Hem de seguir treballant i aqu\u00ed us deixem les compet\u00e8ncies de catal\u00e0, medi i matem\u00e0tiques. Recordeu, nom\u00e9s us heu d&#8217;imprimir els 2\u00a0 fulls de respostes per a omplir. Si no podeu imprimir, no hi ha problema, agafeu un full en blanc i poseu el n\u00famero de pregunta i la resposta al costat. Vinga que aix\u00f2 est\u00e0 fet!!<\/p>\n<table style=\"width: 477px; height: 167px;\">\n<tbody>\n<tr style=\"height: 31px;\">\n<td style=\"width: 159px; height: 31px;\"><a href=\"https:\/\/agora.xtec.cat\/ceip-joan-coret\/wp-content\/uploads\/usu1194\/2020\/03\/prova-catala-2019.pdf\">prova-catala-2019<\/a><\/td>\n<td style=\"width: 153px; height: 31px;\"><a href=\"https:\/\/agora.xtec.cat\/ceip-joan-coret\/wp-content\/uploads\/usu1194\/2020\/03\/prova-mates-2019.pdf\">prova-mates-2019<\/a><\/td>\n<td style=\"width: 155px; height: 31px;\"><a href=\"https:\/\/agora.xtec.cat\/ceip-joan-coret\/wp-content\/uploads\/usu1194\/2020\/03\/prova-medi-2019.pdf\">prova-medi-2019<\/a><\/td>\n<\/tr>\n<tr style=\"height: 74px;\">\n<td style=\"width: 159px; height: 74px;\"><!--[if lt IE 9]><script>document.createElement('audio');<\/script><![endif]-->\n<audio class=\"wp-audio-shortcode\" id=\"audio-2786-1\" preload=\"none\" style=\"width: 100%;\" controls=\"controls\"><source type=\"audio\/mpeg\" src=\"https:\/\/agora.xtec.cat\/ceip-joan-coret\/wp-content\/uploads\/usu1194\/2020\/03\/\u00e0udio-catal\u00e02019.mp3?_=1\" \/><a href=\"https:\/\/agora.xtec.cat\/ceip-joan-coret\/wp-content\/uploads\/usu1194\/2020\/03\/\u00e0udio-catal\u00e02019.mp3\">https:\/\/agora.xtec.cat\/ceip-joan-coret\/wp-content\/uploads\/usu1194\/2020\/03\/\u00e0udio-catal\u00e02019.mp3<\/a><\/audio><\/td>\n<td style=\"width: 153px; height: 74px;\"><\/td>\n<td style=\"width: 155px; height: 74px;\"><\/td>\n<\/tr>\n<tr style=\"height: 31px;\">\n<td style=\"width: 159px; height: 31px;\"><a href=\"https:\/\/agora.xtec.cat\/ceip-joan-coret\/wp-content\/uploads\/usu1194\/2020\/03\/full1-buit-catala-2019.pdf\">full1-buit-catala-2019<\/a><\/td>\n<td style=\"width: 153px; height: 31px;\"><a href=\"https:\/\/agora.xtec.cat\/ceip-joan-coret\/wp-content\/uploads\/usu1194\/2020\/03\/full1-buit-mates-2019.pdf\">full1-buit-mates-2019<\/a><\/td>\n<td style=\"width: 155px; height: 31px;\"><a href=\"https:\/\/agora.xtec.cat\/ceip-joan-coret\/wp-content\/uploads\/usu1194\/2020\/03\/full1-buit-medi-2019.pdf\">full1-buit-medi-2019<\/a><\/td>\n<\/tr>\n<tr style=\"height: 31px;\">\n<td style=\"width: 159px; height: 31px;\"><a href=\"https:\/\/agora.xtec.cat\/ceip-joan-coret\/wp-content\/uploads\/usu1194\/2020\/03\/full2-buit-catala-2019.pdf\">full2-buit-catala-2019<\/a><\/td>\n<td style=\"width: 153px; height: 31px;\"><a href=\"https:\/\/agora.xtec.cat\/ceip-joan-coret\/wp-content\/uploads\/usu1194\/2020\/03\/full2-buit-mates-2019.pdf\">full2-buit-mates-2019<\/a><\/td>\n<td style=\"width: 155px; height: 31px;\"><a href=\"https:\/\/agora.xtec.cat\/ceip-joan-coret\/wp-content\/uploads\/usu1194\/2020\/03\/full2-buit-medi-2019.pdf\">full2-buit-medi-2019<\/a><\/td>\n<\/tr>\n<\/tbody>\n<\/table>\n","protected":false},"excerpt":{"rendered":"<p>Hola 6\u00e8!! Esperem que tots i totes estigueu b\u00e9 i amb molta energia. Aqu\u00ed teniu les activitats que us vam dir a l&#8217;escola per a que les pogueu fer i aix\u00ed no perdre el ritme de l&#8217;escola. Ja les est\u00e0veu esperant oi? SI? Segur que&hellip;  <a href=\"https:\/\/agora.xtec.cat\/ceip-joan-coret\/primaria\/6e\/competencies-dilluns-23-de-marc\/\" title=\"Read Compet\u00e8ncies dilluns 23 de mar\u00e7\">Llegeix m\u00e9s\u00bb<\/a><\/p>\n","protected":false},"author":3,"featured_media":0,"comment_status":"open","ping_status":"closed","sticky":false,"template":"","format":"standard","meta":{"_bbp_topic_count":0,"_bbp_reply_count":0,"_bbp_total_topic_count":0,"_bbp_total_reply_count":0,"_bbp_voice_count":0,"_bbp_anonymous_reply_count":0,"_bbp_topic_count_hidden":0,"_bbp_reply_count_hidden":0,"_bbp_forum_subforum_count":0,"footnotes":""},"categories":[15],"tags":[330,65,308],"class_list":["post-2786","post","type-post","status-publish","format-standard","hentry","category-6e","tag-joemquedoacasa","tag-6e","tag-competencies-basiques"],"post_mailing_queue_ids":[],"_links":{"self":[{"href":"https:\/\/agora.xtec.cat\/ceip-joan-coret\/wp-json\/wp\/v2\/posts\/2786","targetHints":{"allow":["GET"]}}],"collection":[{"href":"https:\/\/agora.xtec.cat\/ceip-joan-coret\/wp-json\/wp\/v2\/posts"}],"about":[{"href":"https:\/\/agora.xtec.cat\/ceip-joan-coret\/wp-json\/wp\/v2\/types\/post"}],"author":[{"embeddable":true,"href":"https:\/\/agora.xtec.cat\/ceip-joan-coret\/wp-json\/wp\/v2\/users\/3"}],"replies":[{"embeddable":true,"href":"https:\/\/agora.xtec.cat\/ceip-joan-coret\/wp-json\/wp\/v2\/comments?post=2786"}],"version-history":[{"count":2,"href":"https:\/\/agora.xtec.cat\/ceip-joan-coret\/wp-json\/wp\/v2\/posts\/2786\/revisions"}],"predecessor-version":[{"id":2798,"href":"https:\/\/agora.xtec.cat\/ceip-joan-coret\/wp-json\/wp\/v2\/posts\/2786\/revisions\/2798"}],"wp:attachment":[{"href":"https:\/\/agora.xtec.cat\/ceip-joan-coret\/wp-json\/wp\/v2\/media?parent=2786"}],"wp:term":[{"taxonomy":"category","embeddable":true,"href":"https:\/\/agora.xtec.cat\/ceip-joan-coret\/wp-json\/wp\/v2\/categories?post=2786"},{"taxonomy":"post_tag","embeddable":true,"href":"https:\/\/agora.xtec.cat\/ceip-joan-coret\/wp-json\/wp\/v2\/tags?post=2786"}],"curies":[{"name":"wp","href":"https:\/\/api.w.org\/{rel}","templated":true}]}}