{"id":2781,"date":"2020-03-22T22:35:39","date_gmt":"2020-03-22T21:35:39","guid":{"rendered":"http:\/\/agora.xtec.cat\/ceip-joan-coret\/?p=2781"},"modified":"2020-04-13T10:41:00","modified_gmt":"2020-04-13T08:41:00","slug":"reptes-deducacio-fisica","status":"publish","type":"post","link":"https:\/\/agora.xtec.cat\/ceip-joan-coret\/general\/reptes-deducacio-fisica\/","title":{"rendered":"REPTES D&#8217;EDUCACI\u00d3 F\u00cdSICA"},"content":{"rendered":"<p>Benvolgudes fam\u00edlies de l&#8217;escola,<\/p>\n<p>El grup de treball dels mestres d&#8217;educaci\u00f3 f\u00edsica de la nostra ciutat ha gravat una s\u00e8rie de reptes que podeu fer a casa amb els nens i nenes per tal de passar una estona divertida en fam\u00edlia.<\/p>\n<p>Estigueu ben atents i atentes perqu\u00e8 de ben segur que coneixeu alg\u00fa que surt al v\u00eddeo&#8230;<\/p>\n<p><a href=\"https:\/\/youtu.be\/_n10mZjenWI\">https:\/\/youtu.be\/_n10mZjenWI<\/a><\/p>\n<p>&nbsp;<\/p>\n","protected":false},"excerpt":{"rendered":"<p>Benvolgudes fam\u00edlies de l&#8217;escola,<br \/>\nEl grup de treball dels mestres d&#8217;educaci\u00f3 f\u00edsica de la nostra ciutat ha gravat una s\u00e8rie de reptes que podeu fer a casa amb els nens i nenes per tal de passar una estona divertida en fam\u00edlia.<br \/>\nEstigueu ben atents i atentes perqu\u00e8&hellip;  <a href=\"https:\/\/agora.xtec.cat\/ceip-joan-coret\/general\/reptes-deducacio-fisica\/\" title=\"Read REPTES D&#8217;EDUCACI\u00d3 F\u00cdSICA\">Llegeix m\u00e9s\u00bb<\/a><\/p>\n","protected":false},"author":2,"featured_media":0,"comment_status":"open","ping_status":"closed","sticky":false,"template":"","format":"standard","meta":{"_bbp_topic_count":0,"_bbp_reply_count":0,"_bbp_total_topic_count":0,"_bbp_total_reply_count":0,"_bbp_voice_count":0,"_bbp_anonymous_reply_count":0,"_bbp_topic_count_hidden":0,"_bbp_reply_count_hidden":0,"_bbp_forum_subforum_count":0,"footnotes":""},"categories":[10,11,12,13,14,15,64,1,3,8,9,2,4,5],"tags":[330],"class_list":["post-2781","post","type-post","status-publish","format-standard","hentry","category-1r","category-2n","category-3r","category-4t","category-5e","category-6e","category-educacio-fisica","category-general","category-i3","category-i4","category-i5","category-infantil","category-portada","category-primaria","tag-joemquedoacasa"],"post_mailing_queue_ids":[],"_links":{"self":[{"href":"https:\/\/agora.xtec.cat\/ceip-joan-coret\/wp-json\/wp\/v2\/posts\/2781","targetHints":{"allow":["GET"]}}],"collection":[{"href":"https:\/\/agora.xtec.cat\/ceip-joan-coret\/wp-json\/wp\/v2\/posts"}],"about":[{"href":"https:\/\/agora.xtec.cat\/ceip-joan-coret\/wp-json\/wp\/v2\/types\/post"}],"author":[{"embeddable":true,"href":"https:\/\/agora.xtec.cat\/ceip-joan-coret\/wp-json\/wp\/v2\/users\/2"}],"replies":[{"embeddable":true,"href":"https:\/\/agora.xtec.cat\/ceip-joan-coret\/wp-json\/wp\/v2\/comments?post=2781"}],"version-history":[{"count":2,"href":"https:\/\/agora.xtec.cat\/ceip-joan-coret\/wp-json\/wp\/v2\/posts\/2781\/revisions"}],"predecessor-version":[{"id":2873,"href":"https:\/\/agora.xtec.cat\/ceip-joan-coret\/wp-json\/wp\/v2\/posts\/2781\/revisions\/2873"}],"wp:attachment":[{"href":"https:\/\/agora.xtec.cat\/ceip-joan-coret\/wp-json\/wp\/v2\/media?parent=2781"}],"wp:term":[{"taxonomy":"category","embeddable":true,"href":"https:\/\/agora.xtec.cat\/ceip-joan-coret\/wp-json\/wp\/v2\/categories?post=2781"},{"taxonomy":"post_tag","embeddable":true,"href":"https:\/\/agora.xtec.cat\/ceip-joan-coret\/wp-json\/wp\/v2\/tags?post=2781"}],"curies":[{"name":"wp","href":"https:\/\/api.w.org\/{rel}","templated":true}]}}