{"id":2772,"date":"2020-03-22T21:06:39","date_gmt":"2020-03-22T20:06:39","guid":{"rendered":"http:\/\/agora.xtec.cat\/ceip-joan-coret\/?p=2772"},"modified":"2020-04-13T10:41:19","modified_gmt":"2020-04-13T08:41:19","slug":"com-esteu-musics","status":"publish","type":"post","link":"https:\/\/agora.xtec.cat\/ceip-joan-coret\/infantil\/com-esteu-musics\/","title":{"rendered":"Com esteu musics?"},"content":{"rendered":"<p>Pels meus artistes!<\/p>\n<p>Com porteu aquests dies? La vostra\u00a0 mestra de m\u00fasica i la seva guitarra us trobem molt a faltar. Espero que estigueu molt b\u00e9 i que continueu cantant i ballant a casa totes les can\u00e7ons i danses que fem a l&#8217;escola.<\/p>\n<p>Us animo a continuar feli\u00e7os a casa i envoltats de m\u00fasica amb els seg\u00fcents enlla\u00e7os:<\/p>\n<ul>\n<li><a href=\"http:\/\/www.edu365.cat\/primaria\/musica\/index\">http:\/\/<\/a><a href=\"http:\/\/www.edu365.cat\">www.edu365.cat\/<\/a>\u00a0(infantil\/prim\u00e0ria &#8211; m\u00fasica)<\/li>\n<li><a href=\"https:\/\/www.vilaweb.cat\/noticies\/propostes-en-catala-per-a-passar-el-confinament-amb-nens\/\">https:\/\/www.vilaweb.cat\/noticies\/propostes-en-catala-per-a-passar-el-confinament-amb-nens\/<\/a><\/li>\n<li><a href=\"https:\/\/www.damarisgelabert.com\">https:\/\/www.damarisgelabert.com<\/a><\/li>\n<li><a href=\"https:\/\/aprendomusica.com\">https:\/\/aprendomusica.com<\/a><\/li>\n<\/ul>\n<p>Als musics de 5\u00e8 us recordo l&#8217;enlla\u00e7 de la cant\u00e0nia. Ja sabeu que teniu tamb\u00e9 les coreografies de cada tema<\/p>\n<ul>\n<li><a href=\"https:\/\/www.youtube.com\/watch?v=1-g1iGWYk78&amp;list=PLtlmtT5fn4zGNlpMWU78yC7elLV5CDk6N\">https:\/\/www.youtube.com\/watch?v=1-g1iGWYk78&amp;list=PLtlmtT5fn4zGNlpMWU78yC7elLV5CDk6N<\/a><\/li>\n<\/ul>\n<p>&nbsp;<\/p>\n<p>&nbsp;<\/p>\n<p>&nbsp;<\/p>\n<p>A la tornada ens explicarem tot el que hem fet. Espero veureus molt aviat, us estimo!<\/p>\n<p>&nbsp;<\/p>\n<p>Judit<\/p>\n<p>&nbsp;<\/p>\n<p>&nbsp;<\/p>\n","protected":false},"excerpt":{"rendered":"<p>Pels meus artistes!<br \/>\nCom porteu aquests dies? La vostra\u00a0 mestra de m\u00fasica i la seva guitarra us trobem molt a faltar. Espero que estigueu molt b\u00e9 i que continueu cantant i ballant a casa totes les can\u00e7ons i danses que fem a l&#8217;escola.<br \/>\nUs animo a continuar&hellip;  <a href=\"https:\/\/agora.xtec.cat\/ceip-joan-coret\/infantil\/com-esteu-musics\/\" title=\"Read Com esteu musics?\">Llegeix m\u00e9s\u00bb<\/a><\/p>\n","protected":false},"author":69,"featured_media":2775,"comment_status":"open","ping_status":"closed","sticky":false,"template":"","format":"standard","meta":{"_bbp_topic_count":0,"_bbp_reply_count":0,"_bbp_total_topic_count":0,"_bbp_total_reply_count":0,"_bbp_voice_count":0,"_bbp_anonymous_reply_count":0,"_bbp_topic_count_hidden":0,"_bbp_reply_count_hidden":0,"_bbp_forum_subforum_count":0,"footnotes":""},"categories":[2,60,61,4,5],"tags":[330,62],"class_list":["post-2772","post","type-post","status-publish","format-standard","has-post-thumbnail","hentry","category-infantil","category-musica","category-musica-primaria","category-portada","category-primaria","tag-joemquedoacasa","tag-musica"],"post_mailing_queue_ids":[],"_links":{"self":[{"href":"https:\/\/agora.xtec.cat\/ceip-joan-coret\/wp-json\/wp\/v2\/posts\/2772","targetHints":{"allow":["GET"]}}],"collection":[{"href":"https:\/\/agora.xtec.cat\/ceip-joan-coret\/wp-json\/wp\/v2\/posts"}],"about":[{"href":"https:\/\/agora.xtec.cat\/ceip-joan-coret\/wp-json\/wp\/v2\/types\/post"}],"author":[{"embeddable":true,"href":"https:\/\/agora.xtec.cat\/ceip-joan-coret\/wp-json\/wp\/v2\/users\/69"}],"replies":[{"embeddable":true,"href":"https:\/\/agora.xtec.cat\/ceip-joan-coret\/wp-json\/wp\/v2\/comments?post=2772"}],"version-history":[{"count":2,"href":"https:\/\/agora.xtec.cat\/ceip-joan-coret\/wp-json\/wp\/v2\/posts\/2772\/revisions"}],"predecessor-version":[{"id":2777,"href":"https:\/\/agora.xtec.cat\/ceip-joan-coret\/wp-json\/wp\/v2\/posts\/2772\/revisions\/2777"}],"wp:featuredmedia":[{"embeddable":true,"href":"https:\/\/agora.xtec.cat\/ceip-joan-coret\/wp-json\/wp\/v2\/media\/2775"}],"wp:attachment":[{"href":"https:\/\/agora.xtec.cat\/ceip-joan-coret\/wp-json\/wp\/v2\/media?parent=2772"}],"wp:term":[{"taxonomy":"category","embeddable":true,"href":"https:\/\/agora.xtec.cat\/ceip-joan-coret\/wp-json\/wp\/v2\/categories?post=2772"},{"taxonomy":"post_tag","embeddable":true,"href":"https:\/\/agora.xtec.cat\/ceip-joan-coret\/wp-json\/wp\/v2\/tags?post=2772"}],"curies":[{"name":"wp","href":"https:\/\/api.w.org\/{rel}","templated":true}]}}