{"id":2730,"date":"2020-03-18T15:53:49","date_gmt":"2020-03-18T14:53:49","guid":{"rendered":"http:\/\/agora.xtec.cat\/ceip-joan-coret\/?p=2730"},"modified":"2020-04-13T10:42:27","modified_gmt":"2020-04-13T08:42:27","slug":"competencies-basiques-castella","status":"publish","type":"post","link":"https:\/\/agora.xtec.cat\/ceip-joan-coret\/primaria\/6e\/competencies-basiques-castella\/","title":{"rendered":"Compet\u00e8ncies B\u00e0siques Castell\u00e0"},"content":{"rendered":"<p>Hola, com portem el confinament? Esperem que b\u00e9, que no us poseu gaire nerviosos\/es i que feu bondat!<\/p>\n<p>Dilluns passat us vam penjar les proves de compet\u00e8ncies b\u00e0siques de les \u00e0rees de matem\u00e0tiques, medi i catal\u00e0. Ja les heu fet? SI (aix\u00f2 esperem) NO (no digueu que no teniu temps) \ud83d\ude09<\/p>\n<p>Doncs ja tenim el segon enviament, en aquest cas \u00e9s la prova de Castell\u00e0. Vinga molts \u00e0nims i a per totes!!<\/p>\n<table>\n<tbody>\n<tr>\n<td><!--[if lt IE 9]><script>document.createElement('audio');<\/script><![endif]-->\n<audio class=\"wp-audio-shortcode\" id=\"audio-2730-1\" preload=\"none\" style=\"width: 100%;\" controls=\"controls\"><source type=\"audio\/mpeg\" src=\"https:\/\/agora.xtec.cat\/ceip-joan-coret\/wp-content\/uploads\/usu1194\/2020\/03\/BIG_1535443609050317_00.mp3?_=1\" \/><a href=\"https:\/\/agora.xtec.cat\/ceip-joan-coret\/wp-content\/uploads\/usu1194\/2020\/03\/BIG_1535443609050317_00.mp3\">https:\/\/agora.xtec.cat\/ceip-joan-coret\/wp-content\/uploads\/usu1194\/2020\/03\/BIG_1535443609050317_00.mp3<\/a><\/audio><\/td>\n<\/tr>\n<tr>\n<td>\u00a0Full de respostes <a href=\"https:\/\/agora.xtec.cat\/ceip-joan-coret\/wp-content\/uploads\/usu1194\/2020\/03\/FULL_BLANC-CASTELLA-2017.pdf\" target=\"_blank\" rel=\"noopener noreferrer\">FULL_BLANC-CASTELLA-2017<\/a><\/td>\n<\/tr>\n<tr>\n<td><a href=\"https:\/\/agora.xtec.cat\/ceip-joan-coret\/wp-content\/uploads\/usu1194\/2020\/03\/PROVA-CASTELLA-2017.pdf\">PROVA-CASTELLA-2017<\/a><\/td>\n<\/tr>\n<\/tbody>\n<\/table>\n<p>&nbsp;<\/p>\n","protected":false},"excerpt":{"rendered":"<p>Hola, com portem el confinament? Esperem que b\u00e9, que no us poseu gaire nerviosos\/es i que feu bondat!<br \/>\nDilluns passat us vam penjar les proves de compet\u00e8ncies b\u00e0siques de les \u00e0rees de matem\u00e0tiques, medi i catal\u00e0. Ja les heu fet? SI (aix\u00f2 esperem) NO (no digueu&hellip;  <a href=\"https:\/\/agora.xtec.cat\/ceip-joan-coret\/primaria\/6e\/competencies-basiques-castella\/\" title=\"Read Compet\u00e8ncies B\u00e0siques Castell\u00e0\">Llegeix m\u00e9s\u00bb<\/a><\/p>\n","protected":false},"author":3,"featured_media":0,"comment_status":"open","ping_status":"closed","sticky":false,"template":"","format":"standard","meta":{"_bbp_topic_count":0,"_bbp_reply_count":0,"_bbp_total_topic_count":0,"_bbp_total_reply_count":0,"_bbp_voice_count":0,"_bbp_anonymous_reply_count":0,"_bbp_topic_count_hidden":0,"_bbp_reply_count_hidden":0,"_bbp_forum_subforum_count":0,"footnotes":""},"categories":[15],"tags":[330,308],"class_list":["post-2730","post","type-post","status-publish","format-standard","hentry","category-6e","tag-joemquedoacasa","tag-competencies-basiques"],"post_mailing_queue_ids":[],"_links":{"self":[{"href":"https:\/\/agora.xtec.cat\/ceip-joan-coret\/wp-json\/wp\/v2\/posts\/2730","targetHints":{"allow":["GET"]}}],"collection":[{"href":"https:\/\/agora.xtec.cat\/ceip-joan-coret\/wp-json\/wp\/v2\/posts"}],"about":[{"href":"https:\/\/agora.xtec.cat\/ceip-joan-coret\/wp-json\/wp\/v2\/types\/post"}],"author":[{"embeddable":true,"href":"https:\/\/agora.xtec.cat\/ceip-joan-coret\/wp-json\/wp\/v2\/users\/3"}],"replies":[{"embeddable":true,"href":"https:\/\/agora.xtec.cat\/ceip-joan-coret\/wp-json\/wp\/v2\/comments?post=2730"}],"version-history":[{"count":3,"href":"https:\/\/agora.xtec.cat\/ceip-joan-coret\/wp-json\/wp\/v2\/posts\/2730\/revisions"}],"predecessor-version":[{"id":2767,"href":"https:\/\/agora.xtec.cat\/ceip-joan-coret\/wp-json\/wp\/v2\/posts\/2730\/revisions\/2767"}],"wp:attachment":[{"href":"https:\/\/agora.xtec.cat\/ceip-joan-coret\/wp-json\/wp\/v2\/media?parent=2730"}],"wp:term":[{"taxonomy":"category","embeddable":true,"href":"https:\/\/agora.xtec.cat\/ceip-joan-coret\/wp-json\/wp\/v2\/categories?post=2730"},{"taxonomy":"post_tag","embeddable":true,"href":"https:\/\/agora.xtec.cat\/ceip-joan-coret\/wp-json\/wp\/v2\/tags?post=2730"}],"curies":[{"name":"wp","href":"https:\/\/api.w.org\/{rel}","templated":true}]}}