{"id":2667,"date":"2020-03-12T15:54:44","date_gmt":"2020-03-12T14:54:44","guid":{"rendered":"http:\/\/agora.xtec.cat\/ceip-joan-coret\/?p=2667"},"modified":"2020-04-13T10:43:44","modified_gmt":"2020-04-13T08:43:44","slug":"competencia-medi-natural","status":"publish","type":"post","link":"https:\/\/agora.xtec.cat\/ceip-joan-coret\/general\/competencia-medi-natural\/","title":{"rendered":"Compet\u00e8ncies b\u00e0siques dilluns 16"},"content":{"rendered":"<p>Hola a tots i a totes!! Ja comencem la primera setmana sense escola i aqu\u00ed us presentem les primeres proves que podeu anar fent. Si us plau, recordeu que heu de baixar el full de respostes nom\u00e9s i imprimir-lo ( si podeu, si no teniu impressora un full en blanc ja valdr\u00e0) i que les respostes llargues les podeu fer al darrera d&#8217;aquest full.<\/p>\n<p style=\"text-align: center;\">Medi Natural<\/p>\n<table class=\" aligncenter\" style=\"height: 83px; width: 448px;\">\n<tbody>\n<tr style=\"height: 10px;\">\n<td style=\"height: 10px; width: 137px;\">Prova Medi Natural<\/td>\n<td style=\"height: 10px; width: 134px;\">Prova Matem\u00e0tiques<\/td>\n<td style=\"height: 10px; width: 167px; text-align: center;\">Prova Catal\u00e0<\/td>\n<\/tr>\n<tr>\n<td style=\"width: 137px;\"><\/td>\n<td style=\"width: 134px;\"><\/td>\n<td style=\"width: 167px; text-align: center;\"><!--[if lt IE 9]><script>document.createElement('audio');<\/script><![endif]-->\n<audio class=\"wp-audio-shortcode\" id=\"audio-2667-1\" preload=\"none\" style=\"width: 100%;\" controls=\"controls\"><source type=\"audio\/mpeg\" src=\"https:\/\/agora.xtec.cat\/ceip-joan-coret\/wp-content\/uploads\/usu1194\/2020\/03\/\u00e0udio-catal\u00e0-2017.mp3?_=1\" \/><a href=\"https:\/\/agora.xtec.cat\/ceip-joan-coret\/wp-content\/uploads\/usu1194\/2020\/03\/\u00e0udio-catal\u00e0-2017.mp3\">https:\/\/agora.xtec.cat\/ceip-joan-coret\/wp-content\/uploads\/usu1194\/2020\/03\/\u00e0udio-catal\u00e0-2017.mp3<\/a><\/audio><\/td>\n<\/tr>\n<tr style=\"height: 32px;\">\n<td style=\"height: 32px; width: 137px;\"><a style=\"color: #2795b6; font-size: 16px;\" href=\"https:\/\/agora.xtec.cat\/ceip-joan-coret\/wp-content\/uploads\/usu1194\/2020\/03\/MEDI-2018.pdf\" target=\"_blank\" rel=\"noopener noreferrer\">MEDI-2018<\/a><\/td>\n<td style=\"height: 32px; width: 134px;\"><a href=\"https:\/\/agora.xtec.cat\/ceip-joan-coret\/wp-content\/uploads\/usu1194\/2020\/03\/MATES-2018.pdf\" target=\"_blank\" rel=\"noopener noreferrer\">MATES-2018<\/a><\/td>\n<td style=\"height: 32px; width: 167px;\"><a href=\"https:\/\/agora.xtec.cat\/ceip-joan-coret\/wp-content\/uploads\/usu1194\/2020\/03\/CATALA-2018.pdf\" target=\"_blank\" rel=\"noopener noreferrer\">CATALA-2018<\/a><\/td>\n<\/tr>\n<tr style=\"height: 10px;\">\n<td style=\"height: 10px; width: 137px; text-align: center;\"><span style=\"font-size: 16px;\">Full de respostes:<\/span><\/td>\n<td style=\"height: 10px; width: 134px; text-align: center;\">Full de respostes:<\/td>\n<td style=\"height: 10px; width: 167px; text-align: center;\">Full de respostes<\/td>\n<\/tr>\n<tr style=\"height: 31px;\">\n<td style=\"height: 31px; width: 137px;\"><a href=\"https:\/\/agora.xtec.cat\/ceip-joan-coret\/wp-content\/uploads\/usu1194\/2020\/03\/full-buit-medi-2018.pdf\" target=\"_blank\" rel=\"noopener noreferrer\">full-buit-medi-2018<\/a><\/td>\n<td style=\"height: 31px; width: 134px;\"><a href=\"https:\/\/agora.xtec.cat\/ceip-joan-coret\/wp-content\/uploads\/usu1194\/2020\/03\/full-buit-mates-2018.pdf\" target=\"_blank\" rel=\"noopener noreferrer\">full-buit-mates-2018<\/a><\/td>\n<td style=\"height: 31px; width: 167px;\"><a href=\"https:\/\/agora.xtec.cat\/ceip-joan-coret\/wp-content\/uploads\/usu1194\/2020\/03\/full-buit-catala-2018.pdf\" target=\"_blank\" rel=\"noopener noreferrer\">full-buit-catala-2018<\/a><\/td>\n<\/tr>\n<\/tbody>\n<\/table>\n<p>&nbsp;<\/p>\n<p>&nbsp;<\/p>\n<p>Esperem que us vagi molt b\u00e9. Molts \u00e0nims!!<\/p>\n","protected":false},"excerpt":{"rendered":"<p>Hola a tots i a totes!! Ja comencem la primera setmana sense escola i aqu\u00ed us presentem les primeres proves que podeu anar fent. Si us plau, recordeu que heu de baixar el full de respostes nom\u00e9s i imprimir-lo ( si podeu, si no teniu&hellip;  <a href=\"https:\/\/agora.xtec.cat\/ceip-joan-coret\/general\/competencia-medi-natural\/\" title=\"Read Compet\u00e8ncies b\u00e0siques dilluns 16\">Llegeix m\u00e9s\u00bb<\/a><\/p>\n","protected":false},"author":3,"featured_media":0,"comment_status":"open","ping_status":"closed","sticky":false,"template":"","format":"standard","meta":{"_bbp_topic_count":0,"_bbp_reply_count":0,"_bbp_total_topic_count":0,"_bbp_total_reply_count":0,"_bbp_voice_count":0,"_bbp_anonymous_reply_count":0,"_bbp_topic_count_hidden":0,"_bbp_reply_count_hidden":0,"_bbp_forum_subforum_count":0,"footnotes":""},"categories":[15,1],"tags":[330],"class_list":["post-2667","post","type-post","status-publish","format-standard","hentry","category-6e","category-general","tag-joemquedoacasa"],"post_mailing_queue_ids":[],"_links":{"self":[{"href":"https:\/\/agora.xtec.cat\/ceip-joan-coret\/wp-json\/wp\/v2\/posts\/2667","targetHints":{"allow":["GET"]}}],"collection":[{"href":"https:\/\/agora.xtec.cat\/ceip-joan-coret\/wp-json\/wp\/v2\/posts"}],"about":[{"href":"https:\/\/agora.xtec.cat\/ceip-joan-coret\/wp-json\/wp\/v2\/types\/post"}],"author":[{"embeddable":true,"href":"https:\/\/agora.xtec.cat\/ceip-joan-coret\/wp-json\/wp\/v2\/users\/3"}],"replies":[{"embeddable":true,"href":"https:\/\/agora.xtec.cat\/ceip-joan-coret\/wp-json\/wp\/v2\/comments?post=2667"}],"version-history":[{"count":4,"href":"https:\/\/agora.xtec.cat\/ceip-joan-coret\/wp-json\/wp\/v2\/posts\/2667\/revisions"}],"predecessor-version":[{"id":2709,"href":"https:\/\/agora.xtec.cat\/ceip-joan-coret\/wp-json\/wp\/v2\/posts\/2667\/revisions\/2709"}],"wp:attachment":[{"href":"https:\/\/agora.xtec.cat\/ceip-joan-coret\/wp-json\/wp\/v2\/media?parent=2667"}],"wp:term":[{"taxonomy":"category","embeddable":true,"href":"https:\/\/agora.xtec.cat\/ceip-joan-coret\/wp-json\/wp\/v2\/categories?post=2667"},{"taxonomy":"post_tag","embeddable":true,"href":"https:\/\/agora.xtec.cat\/ceip-joan-coret\/wp-json\/wp\/v2\/tags?post=2667"}],"curies":[{"name":"wp","href":"https:\/\/api.w.org\/{rel}","templated":true}]}}