{"id":2643,"date":"2020-03-09T15:32:21","date_gmt":"2020-03-09T14:32:21","guid":{"rendered":"http:\/\/agora.xtec.cat\/ceip-joan-coret\/?p=2643"},"modified":"2020-03-09T15:32:21","modified_gmt":"2020-03-09T14:32:21","slug":"votacio-cartells-setmana-cultural","status":"publish","type":"post","link":"https:\/\/agora.xtec.cat\/ceip-joan-coret\/portada\/votacio-cartells-setmana-cultural\/","title":{"rendered":"Votaci\u00f3 cartells Setmana Cultural"},"content":{"rendered":"<p>Ja tenim cartell guanyador de la Setmana Cultural d&#8217;aquest any que com\u00a0 tots i totes ja sabeu, est\u00e0 dedicada a la M\u00e0gia. Tenim fotos de com es van fer les votacions i sobretot del Cartell Guanyador. A m\u00e9s a m\u00e9s des de l&#8217;escola volem felicitar a tots i totes pel Gran nivell que han demostrat fent els cartells d&#8217;aquest any. Moltes gr\u00e0cies per la vostra participaci\u00f3 i seguiu treballant aix\u00ed!!<\/p>\n<p><a href=\"https:\/\/photos.app.goo.gl\/cA3tKapnZJfFpgbh8\" target=\"_blank\" rel=\"noopener noreferrer\">https:\/\/photos.app.goo.gl\/cA3tKapnZJfFpgbh8<\/a><\/p>\n<p><a href=\"https:\/\/agora.xtec.cat\/ceip-joan-coret\/wp-content\/uploads\/usu1194\/2020\/03\/CIMG7973.jpg\"><img loading=\"lazy\" decoding=\"async\" class=\"aligncenter wp-image-2644 size-medium\" src=\"https:\/\/agora.xtec.cat\/ceip-joan-coret\/wp-content\/uploads\/usu1194\/2020\/03\/CIMG7973-300x225.jpg\" alt=\"\" width=\"300\" height=\"225\" srcset=\"https:\/\/agora.xtec.cat\/ceip-joan-coret\/wp-content\/uploads\/usu1194\/2020\/03\/CIMG7973-300x225.jpg 300w, https:\/\/agora.xtec.cat\/ceip-joan-coret\/wp-content\/uploads\/usu1194\/2020\/03\/CIMG7973-768x576.jpg 768w, https:\/\/agora.xtec.cat\/ceip-joan-coret\/wp-content\/uploads\/usu1194\/2020\/03\/CIMG7973-1024x768.jpg 1024w, https:\/\/agora.xtec.cat\/ceip-joan-coret\/wp-content\/uploads\/usu1194\/2020\/03\/CIMG7973-200x150.jpg 200w, https:\/\/agora.xtec.cat\/ceip-joan-coret\/wp-content\/uploads\/usu1194\/2020\/03\/CIMG7973.jpg 2000w\" sizes=\"auto, (max-width: 300px) 100vw, 300px\" \/><\/a><\/p>\n","protected":false},"excerpt":{"rendered":"<p>Ja tenim cartell guanyador de la Setmana Cultural d&#8217;aquest any que com\u00a0 tots i totes ja sabeu, est\u00e0 dedicada a la M\u00e0gia. Tenim fotos de com es van fer les votacions i sobretot del Cartell Guanyador. A m\u00e9s a m\u00e9s des de l&#8217;escola volem felicitar&hellip;  <a href=\"https:\/\/agora.xtec.cat\/ceip-joan-coret\/portada\/votacio-cartells-setmana-cultural\/\" title=\"Read Votaci\u00f3 cartells Setmana Cultural\">Llegeix m\u00e9s\u00bb<\/a><\/p>\n","protected":false},"author":3,"featured_media":1023,"comment_status":"open","ping_status":"closed","sticky":false,"template":"","format":"standard","meta":{"_bbp_topic_count":0,"_bbp_reply_count":0,"_bbp_total_topic_count":0,"_bbp_total_reply_count":0,"_bbp_voice_count":0,"_bbp_anonymous_reply_count":0,"_bbp_topic_count_hidden":0,"_bbp_reply_count_hidden":0,"_bbp_forum_subforum_count":0,"footnotes":""},"categories":[4],"tags":[305,101],"class_list":["post-2643","post","type-post","status-publish","format-standard","has-post-thumbnail","hentry","category-portada","tag-cartell-guanyador","tag-setmana-cultural"],"post_mailing_queue_ids":[],"_links":{"self":[{"href":"https:\/\/agora.xtec.cat\/ceip-joan-coret\/wp-json\/wp\/v2\/posts\/2643","targetHints":{"allow":["GET"]}}],"collection":[{"href":"https:\/\/agora.xtec.cat\/ceip-joan-coret\/wp-json\/wp\/v2\/posts"}],"about":[{"href":"https:\/\/agora.xtec.cat\/ceip-joan-coret\/wp-json\/wp\/v2\/types\/post"}],"author":[{"embeddable":true,"href":"https:\/\/agora.xtec.cat\/ceip-joan-coret\/wp-json\/wp\/v2\/users\/3"}],"replies":[{"embeddable":true,"href":"https:\/\/agora.xtec.cat\/ceip-joan-coret\/wp-json\/wp\/v2\/comments?post=2643"}],"version-history":[{"count":1,"href":"https:\/\/agora.xtec.cat\/ceip-joan-coret\/wp-json\/wp\/v2\/posts\/2643\/revisions"}],"predecessor-version":[{"id":2645,"href":"https:\/\/agora.xtec.cat\/ceip-joan-coret\/wp-json\/wp\/v2\/posts\/2643\/revisions\/2645"}],"wp:featuredmedia":[{"embeddable":true,"href":"https:\/\/agora.xtec.cat\/ceip-joan-coret\/wp-json\/wp\/v2\/media\/1023"}],"wp:attachment":[{"href":"https:\/\/agora.xtec.cat\/ceip-joan-coret\/wp-json\/wp\/v2\/media?parent=2643"}],"wp:term":[{"taxonomy":"category","embeddable":true,"href":"https:\/\/agora.xtec.cat\/ceip-joan-coret\/wp-json\/wp\/v2\/categories?post=2643"},{"taxonomy":"post_tag","embeddable":true,"href":"https:\/\/agora.xtec.cat\/ceip-joan-coret\/wp-json\/wp\/v2\/tags?post=2643"}],"curies":[{"name":"wp","href":"https:\/\/api.w.org\/{rel}","templated":true}]}}