{"id":2637,"date":"2020-03-09T15:15:50","date_gmt":"2020-03-09T14:15:50","guid":{"rendered":"http:\/\/agora.xtec.cat\/ceip-joan-coret\/?p=2637"},"modified":"2020-03-09T15:15:50","modified_gmt":"2020-03-09T14:15:50","slug":"tallers-setmana-cultural-la-magia","status":"publish","type":"post","link":"https:\/\/agora.xtec.cat\/ceip-joan-coret\/infantil\/i3\/tallers-setmana-cultural-la-magia\/","title":{"rendered":"Tallers Setmana Cultural &#8220;La M\u00e0gia&#8221;"},"content":{"rendered":"<p>Aquest curs la setmana Cultural ha estat dedicada a la M\u00e0gia. Hem fet diferents tallers on hem intentat fer de mags i magues aprenent alguns trucs. A m\u00e9s a m\u00e9s hem realitzat la decoraci\u00f3 per a l&#8217;escola. A veure qu\u00e8 us semblen les fotos:<\/p>\n<p>Dimarts:\u00a0<a href=\"https:\/\/photos.app.goo.gl\/iQ6NQehNdjw5X9Nx6\" target=\"_blank\" rel=\"noopener noreferrer\">https:\/\/photos.app.goo.gl\/iQ6NQehNdjw5X9Nx6<\/a><\/p>\n<p>Dimecres:<\/p>\n<p>Infantil:\u00a0<a href=\"https:\/\/photos.app.goo.gl\/wFyBhSaeiKuAd7QZA\" target=\"_blank\" rel=\"noopener noreferrer\">https:\/\/photos.app.goo.gl\/wFyBhSaeiKuAd7QZA<\/a><\/p>\n<p>Prim\u00e0ria:\u00a0<a href=\"https:\/\/photos.app.goo.gl\/TJLsp7gqUVpjNNYM6\" target=\"_blank\" rel=\"noopener noreferrer\">https:\/\/photos.app.goo.gl\/TJLsp7gqUVpjNNYM6<\/a><\/p>\n<p>Dijous:<\/p>\n<p><a href=\"https:\/\/photos.app.goo.gl\/wV37E4WwWCzHtvEo7\" target=\"_blank\" rel=\"noopener noreferrer\">https:\/\/photos.app.goo.gl\/wV37E4WwWCzHtvEo7<\/a><\/p>\n<p><a href=\"https:\/\/photos.app.goo.gl\/Q6jQE5igoAqnfh956\" target=\"_blank\" rel=\"noopener noreferrer\">https:\/\/photos.app.goo.gl\/Q6jQE5igoAqnfh956<\/a><\/p>\n<p>Divendres:<\/p>\n<p><a href=\"https:\/\/photos.app.goo.gl\/tchiHAkfys7TxbLM6\" target=\"_blank\" rel=\"noopener noreferrer\">https:\/\/photos.app.goo.gl\/tchiHAkfys7TxbLM6<\/a><\/p>\n<p>&nbsp;<\/p>\n","protected":false},"excerpt":{"rendered":"<p>Aquest curs la setmana Cultural ha estat dedicada a la M\u00e0gia. Hem fet diferents tallers on hem intentat fer de mags i magues aprenent alguns trucs. A m\u00e9s a m\u00e9s hem realitzat la decoraci\u00f3 per a l&#8217;escola. A veure qu\u00e8 us semblen les fotos:<br \/>\nDimarts:\u00a0<a href=\"https:\/\/photos.app.goo.gl\/iQ6NQehNdjw5X9Nx6\"&hellip;  <a href=\"https:\/\/agora.xtec.cat\/ceip-joan-coret\/infantil\/i3\/tallers-setmana-cultural-la-magia\/\" title=\"Read Tallers Setmana Cultural &#8220;La M\u00e0gia&#8221;\">Llegeix m\u00e9s\u00bb<\/a><\/p>\n","protected":false},"author":3,"featured_media":0,"comment_status":"open","ping_status":"closed","sticky":false,"template":"","format":"standard","meta":{"_bbp_topic_count":0,"_bbp_reply_count":0,"_bbp_total_topic_count":0,"_bbp_total_reply_count":0,"_bbp_voice_count":0,"_bbp_anonymous_reply_count":0,"_bbp_topic_count_hidden":0,"_bbp_reply_count_hidden":0,"_bbp_forum_subforum_count":0,"footnotes":""},"categories":[10,11,12,13,14,15,3,8,9,4],"tags":[298,232],"class_list":["post-2637","post","type-post","status-publish","format-standard","hentry","category-1r","category-2n","category-3r","category-4t","category-5e","category-6e","category-i3","category-i4","category-i5","category-portada","tag-magia","tag-tallers-setmana-cultural"],"post_mailing_queue_ids":[],"_links":{"self":[{"href":"https:\/\/agora.xtec.cat\/ceip-joan-coret\/wp-json\/wp\/v2\/posts\/2637","targetHints":{"allow":["GET"]}}],"collection":[{"href":"https:\/\/agora.xtec.cat\/ceip-joan-coret\/wp-json\/wp\/v2\/posts"}],"about":[{"href":"https:\/\/agora.xtec.cat\/ceip-joan-coret\/wp-json\/wp\/v2\/types\/post"}],"author":[{"embeddable":true,"href":"https:\/\/agora.xtec.cat\/ceip-joan-coret\/wp-json\/wp\/v2\/users\/3"}],"replies":[{"embeddable":true,"href":"https:\/\/agora.xtec.cat\/ceip-joan-coret\/wp-json\/wp\/v2\/comments?post=2637"}],"version-history":[{"count":1,"href":"https:\/\/agora.xtec.cat\/ceip-joan-coret\/wp-json\/wp\/v2\/posts\/2637\/revisions"}],"predecessor-version":[{"id":2638,"href":"https:\/\/agora.xtec.cat\/ceip-joan-coret\/wp-json\/wp\/v2\/posts\/2637\/revisions\/2638"}],"wp:attachment":[{"href":"https:\/\/agora.xtec.cat\/ceip-joan-coret\/wp-json\/wp\/v2\/media?parent=2637"}],"wp:term":[{"taxonomy":"category","embeddable":true,"href":"https:\/\/agora.xtec.cat\/ceip-joan-coret\/wp-json\/wp\/v2\/categories?post=2637"},{"taxonomy":"post_tag","embeddable":true,"href":"https:\/\/agora.xtec.cat\/ceip-joan-coret\/wp-json\/wp\/v2\/tags?post=2637"}],"curies":[{"name":"wp","href":"https:\/\/api.w.org\/{rel}","templated":true}]}}