{"id":2542,"date":"2020-03-02T16:30:30","date_gmt":"2020-03-02T15:30:30","guid":{"rendered":"http:\/\/agora.xtec.cat\/ceip-joan-coret\/?p=2542"},"modified":"2020-03-02T16:30:30","modified_gmt":"2020-03-02T15:30:30","slug":"enric-magoo-c-inicial-3r","status":"publish","type":"post","link":"https:\/\/agora.xtec.cat\/ceip-joan-coret\/portada\/enric-magoo-c-inicial-3r\/","title":{"rendered":"Enric Magoo C.Inicial + 3r"},"content":{"rendered":"<p>Durant la setmana cultural dedicada a la m\u00e0gia hem rebut la visita del mag Enric Magoo. Ens va prepara un taller amb una actuaci\u00f3 Espectacular!! Les fotos nom\u00e9s deixen veure una part de la seva m\u00e0gia, a veure qu\u00e8 us semblen!<\/p>\n<p><a href=\"https:\/\/photos.app.goo.gl\/nDpp7Gu2SPDr6kQWA\" target=\"_blank\" rel=\"noopener noreferrer\">https:\/\/photos.app.goo.gl\/nDpp7Gu2SPDr6kQWA<\/a><\/p>\n","protected":false},"excerpt":{"rendered":"<p>Durant la setmana cultural dedicada a la m\u00e0gia hem rebut la visita del mag Enric Magoo. Ens va prepara un taller amb una actuaci\u00f3 Espectacular!! Les fotos nom\u00e9s deixen veure una part de la seva m\u00e0gia, a veure qu\u00e8 us semblen!<br \/>\n<a href=\"https:\/\/photos.app.goo.gl\/nDpp7Gu2SPDr6kQWA\" target=\"_blank\" rel=\"noopener noreferrer\">https:\/\/photos.app.goo.gl\/nDpp7Gu2SPDr6kQWA<\/a><\/p>\n","protected":false},"author":3,"featured_media":0,"comment_status":"open","ping_status":"closed","sticky":false,"template":"","format":"standard","meta":{"_bbp_topic_count":0,"_bbp_reply_count":0,"_bbp_total_topic_count":0,"_bbp_total_reply_count":0,"_bbp_voice_count":0,"_bbp_anonymous_reply_count":0,"_bbp_topic_count_hidden":0,"_bbp_reply_count_hidden":0,"_bbp_forum_subforum_count":0,"footnotes":""},"categories":[10,11,12,4],"tags":[300,298],"class_list":["post-2542","post","type-post","status-publish","format-standard","hentry","category-1r","category-2n","category-3r","category-portada","tag-enric-magoo","tag-magia"],"post_mailing_queue_ids":[],"_links":{"self":[{"href":"https:\/\/agora.xtec.cat\/ceip-joan-coret\/wp-json\/wp\/v2\/posts\/2542","targetHints":{"allow":["GET"]}}],"collection":[{"href":"https:\/\/agora.xtec.cat\/ceip-joan-coret\/wp-json\/wp\/v2\/posts"}],"about":[{"href":"https:\/\/agora.xtec.cat\/ceip-joan-coret\/wp-json\/wp\/v2\/types\/post"}],"author":[{"embeddable":true,"href":"https:\/\/agora.xtec.cat\/ceip-joan-coret\/wp-json\/wp\/v2\/users\/3"}],"replies":[{"embeddable":true,"href":"https:\/\/agora.xtec.cat\/ceip-joan-coret\/wp-json\/wp\/v2\/comments?post=2542"}],"version-history":[{"count":1,"href":"https:\/\/agora.xtec.cat\/ceip-joan-coret\/wp-json\/wp\/v2\/posts\/2542\/revisions"}],"predecessor-version":[{"id":2543,"href":"https:\/\/agora.xtec.cat\/ceip-joan-coret\/wp-json\/wp\/v2\/posts\/2542\/revisions\/2543"}],"wp:attachment":[{"href":"https:\/\/agora.xtec.cat\/ceip-joan-coret\/wp-json\/wp\/v2\/media?parent=2542"}],"wp:term":[{"taxonomy":"category","embeddable":true,"href":"https:\/\/agora.xtec.cat\/ceip-joan-coret\/wp-json\/wp\/v2\/categories?post=2542"},{"taxonomy":"post_tag","embeddable":true,"href":"https:\/\/agora.xtec.cat\/ceip-joan-coret\/wp-json\/wp\/v2\/tags?post=2542"}],"curies":[{"name":"wp","href":"https:\/\/api.w.org\/{rel}","templated":true}]}}