{"id":2524,"date":"2020-02-27T11:44:24","date_gmt":"2020-02-27T10:44:24","guid":{"rendered":"http:\/\/agora.xtec.cat\/ceip-joan-coret\/?p=2524"},"modified":"2020-02-27T11:44:24","modified_gmt":"2020-02-27T10:44:24","slug":"la-magia-arriba-al-coret","status":"publish","type":"post","link":"https:\/\/agora.xtec.cat\/ceip-joan-coret\/portada\/la-magia-arriba-al-coret\/","title":{"rendered":"La M\u00e0gia arriba al Coret"},"content":{"rendered":"<p>Durant la setmana Cultural de l&#8217;escola dedicada a la m\u00e0gia, avui dijous ens hem trobat amb una sorpresa al pujar del pati. Al passad\u00eds de Cicle Superior han aparegut unes &#8220;espelmes&#8221; que ens recorden al menjador de l&#8217;escola de Harry Potter. Aqu\u00ed podeu veure les fotos:<\/p>\n<p><a href=\"https:\/\/agora.xtec.cat\/ceip-joan-coret\/wp-content\/uploads\/usu1194\/2020\/02\/WhatsApp-Image-2020-02-27-at-11.08.47-5.jpeg\"><img loading=\"lazy\" decoding=\"async\" class=\"alignnone size-thumbnail wp-image-2525\" src=\"https:\/\/agora.xtec.cat\/ceip-joan-coret\/wp-content\/uploads\/usu1194\/2020\/02\/WhatsApp-Image-2020-02-27-at-11.08.47-5-150x150.jpeg\" alt=\"\" width=\"150\" height=\"150\" \/><\/a> <a href=\"https:\/\/agora.xtec.cat\/ceip-joan-coret\/wp-content\/uploads\/usu1194\/2020\/02\/WhatsApp-Image-2020-02-27-at-11.08.47-4.jpeg\"><img loading=\"lazy\" decoding=\"async\" class=\"alignnone wp-image-2526 size-thumbnail\" src=\"https:\/\/agora.xtec.cat\/ceip-joan-coret\/wp-content\/uploads\/usu1194\/2020\/02\/WhatsApp-Image-2020-02-27-at-11.08.47-4-150x150.jpeg\" alt=\"\" width=\"150\" height=\"150\" \/><\/a> <a href=\"https:\/\/agora.xtec.cat\/ceip-joan-coret\/wp-content\/uploads\/usu1194\/2020\/02\/WhatsApp-Image-2020-02-27-at-11.08.47-3.jpeg\"><img loading=\"lazy\" decoding=\"async\" class=\"alignnone wp-image-2527 size-thumbnail\" src=\"https:\/\/agora.xtec.cat\/ceip-joan-coret\/wp-content\/uploads\/usu1194\/2020\/02\/WhatsApp-Image-2020-02-27-at-11.08.47-3-150x150.jpeg\" alt=\"\" width=\"150\" height=\"150\" \/><\/a> <a href=\"https:\/\/agora.xtec.cat\/ceip-joan-coret\/wp-content\/uploads\/usu1194\/2020\/02\/WhatsApp-Image-2020-02-27-at-11.08.47-2.jpeg\"><img loading=\"lazy\" decoding=\"async\" class=\"alignnone wp-image-2528 size-thumbnail\" src=\"https:\/\/agora.xtec.cat\/ceip-joan-coret\/wp-content\/uploads\/usu1194\/2020\/02\/WhatsApp-Image-2020-02-27-at-11.08.47-2-150x150.jpeg\" alt=\"\" width=\"150\" height=\"150\" \/><\/a> <a href=\"https:\/\/agora.xtec.cat\/ceip-joan-coret\/wp-content\/uploads\/usu1194\/2020\/02\/WhatsApp-Image-2020-02-27-at-11.08.47-1.jpeg\"><img loading=\"lazy\" decoding=\"async\" class=\"alignnone wp-image-2529 size-thumbnail\" src=\"https:\/\/agora.xtec.cat\/ceip-joan-coret\/wp-content\/uploads\/usu1194\/2020\/02\/WhatsApp-Image-2020-02-27-at-11.08.47-1-150x150.jpeg\" alt=\"\" width=\"150\" height=\"150\" \/><\/a> <a href=\"https:\/\/agora.xtec.cat\/ceip-joan-coret\/wp-content\/uploads\/usu1194\/2020\/02\/WhatsApp-Image-2020-02-27-at-11.08.47.jpeg\"><img loading=\"lazy\" decoding=\"async\" class=\"alignnone wp-image-2530 size-thumbnail\" src=\"https:\/\/agora.xtec.cat\/ceip-joan-coret\/wp-content\/uploads\/usu1194\/2020\/02\/WhatsApp-Image-2020-02-27-at-11.08.47-150x150.jpeg\" alt=\"\" width=\"150\" height=\"150\" \/><\/a> <a href=\"https:\/\/agora.xtec.cat\/ceip-joan-coret\/wp-content\/uploads\/usu1194\/2020\/02\/WhatsApp-Image-2020-02-27-at-11.09.17.jpeg\"><img loading=\"lazy\" decoding=\"async\" class=\"alignnone wp-image-2531 size-thumbnail\" src=\"https:\/\/agora.xtec.cat\/ceip-joan-coret\/wp-content\/uploads\/usu1194\/2020\/02\/WhatsApp-Image-2020-02-27-at-11.09.17-150x150.jpeg\" alt=\"\" width=\"150\" height=\"150\" \/><\/a> <a href=\"https:\/\/agora.xtec.cat\/ceip-joan-coret\/wp-content\/uploads\/usu1194\/2020\/02\/WhatsApp-Image-2020-02-27-at-11.09.18.jpeg\"><img loading=\"lazy\" decoding=\"async\" class=\"alignnone wp-image-2532 size-thumbnail\" src=\"https:\/\/agora.xtec.cat\/ceip-joan-coret\/wp-content\/uploads\/usu1194\/2020\/02\/WhatsApp-Image-2020-02-27-at-11.09.18-150x150.jpeg\" alt=\"\" width=\"150\" height=\"150\" \/><\/a> <a href=\"https:\/\/agora.xtec.cat\/ceip-joan-coret\/wp-content\/uploads\/usu1194\/2020\/02\/WhatsApp-Image-2020-02-27-at-11.09.19.jpeg\"><img loading=\"lazy\" decoding=\"async\" class=\"alignnone wp-image-2533 size-thumbnail\" src=\"https:\/\/agora.xtec.cat\/ceip-joan-coret\/wp-content\/uploads\/usu1194\/2020\/02\/WhatsApp-Image-2020-02-27-at-11.09.19-150x150.jpeg\" alt=\"\" width=\"150\" height=\"150\" \/><\/a><\/p>\n","protected":false},"excerpt":{"rendered":"<p>Durant la setmana Cultural de l&#8217;escola dedicada a la m\u00e0gia, avui dijous ens hem trobat amb una sorpresa al pujar del pati. Al passad\u00eds de Cicle Superior han aparegut unes &#8220;espelmes&#8221; que ens recorden al menjador de l&#8217;escola de Harry Potter. Aqu\u00ed podeu veure les&hellip;  <a href=\"https:\/\/agora.xtec.cat\/ceip-joan-coret\/portada\/la-magia-arriba-al-coret\/\" title=\"Read La M\u00e0gia arriba al Coret\">Llegeix m\u00e9s\u00bb<\/a><\/p>\n","protected":false},"author":3,"featured_media":1023,"comment_status":"open","ping_status":"closed","sticky":false,"template":"","format":"standard","meta":{"_bbp_topic_count":0,"_bbp_reply_count":0,"_bbp_total_topic_count":0,"_bbp_total_reply_count":0,"_bbp_voice_count":0,"_bbp_anonymous_reply_count":0,"_bbp_topic_count_hidden":0,"_bbp_reply_count_hidden":0,"_bbp_forum_subforum_count":0,"footnotes":""},"categories":[4],"tags":[298,101],"class_list":["post-2524","post","type-post","status-publish","format-standard","has-post-thumbnail","hentry","category-portada","tag-magia","tag-setmana-cultural"],"post_mailing_queue_ids":[],"_links":{"self":[{"href":"https:\/\/agora.xtec.cat\/ceip-joan-coret\/wp-json\/wp\/v2\/posts\/2524","targetHints":{"allow":["GET"]}}],"collection":[{"href":"https:\/\/agora.xtec.cat\/ceip-joan-coret\/wp-json\/wp\/v2\/posts"}],"about":[{"href":"https:\/\/agora.xtec.cat\/ceip-joan-coret\/wp-json\/wp\/v2\/types\/post"}],"author":[{"embeddable":true,"href":"https:\/\/agora.xtec.cat\/ceip-joan-coret\/wp-json\/wp\/v2\/users\/3"}],"replies":[{"embeddable":true,"href":"https:\/\/agora.xtec.cat\/ceip-joan-coret\/wp-json\/wp\/v2\/comments?post=2524"}],"version-history":[{"count":1,"href":"https:\/\/agora.xtec.cat\/ceip-joan-coret\/wp-json\/wp\/v2\/posts\/2524\/revisions"}],"predecessor-version":[{"id":2534,"href":"https:\/\/agora.xtec.cat\/ceip-joan-coret\/wp-json\/wp\/v2\/posts\/2524\/revisions\/2534"}],"wp:featuredmedia":[{"embeddable":true,"href":"https:\/\/agora.xtec.cat\/ceip-joan-coret\/wp-json\/wp\/v2\/media\/1023"}],"wp:attachment":[{"href":"https:\/\/agora.xtec.cat\/ceip-joan-coret\/wp-json\/wp\/v2\/media?parent=2524"}],"wp:term":[{"taxonomy":"category","embeddable":true,"href":"https:\/\/agora.xtec.cat\/ceip-joan-coret\/wp-json\/wp\/v2\/categories?post=2524"},{"taxonomy":"post_tag","embeddable":true,"href":"https:\/\/agora.xtec.cat\/ceip-joan-coret\/wp-json\/wp\/v2\/tags?post=2524"}],"curies":[{"name":"wp","href":"https:\/\/api.w.org\/{rel}","templated":true}]}}