{"id":2490,"date":"2020-02-12T17:28:14","date_gmt":"2020-02-12T16:28:14","guid":{"rendered":"http:\/\/agora.xtec.cat\/ceip-joan-coret\/?p=2490"},"modified":"2020-02-18T15:29:56","modified_gmt":"2020-02-18T14:29:56","slug":"experimentem-amb-lenergia","status":"publish","type":"post","link":"https:\/\/agora.xtec.cat\/ceip-joan-coret\/general\/experimentem-amb-lenergia\/","title":{"rendered":"Experimentem amb l&#8217;energia"},"content":{"rendered":"<p>Els i les alumnes de 6\u00e8, durant el 1r trimestre del curs vam treballar el tema de l&#8217;energia a l&#8217;\u00e0rea de coneixement de Medi Natural. Aix\u00ed, vam fer diversos experiments per comprovar les transformacions de l&#8217;energia, com viatja l&#8217;electricitat entre els cossos, els materials conductors i a\u00efllants, la velocitat de la llum i el so&#8230;<\/p>\n<p>Aqu\u00ed us deixem un recull de fotos sobre els mateixos. Ens ho hem passat pipa!<\/p>\n<p><a href=\"https:\/\/photos.app.goo.gl\/weYftM18hFEWfZM66\" target=\"_blank\" rel=\"noopener noreferrer\">https:\/\/photos.app.goo.gl\/weYftM18hFEWfZM66<\/a><\/p>\n","protected":false},"excerpt":{"rendered":"<p>Els i les alumnes de 6\u00e8, durant el 1r trimestre del curs vam treballar el tema de l&#8217;energia a l&#8217;\u00e0rea de coneixement de Medi Natural. Aix\u00ed, vam fer diversos experiments per comprovar les transformacions de l&#8217;energia, com viatja l&#8217;electricitat entre els cossos, els materials conductors&hellip;  <a href=\"https:\/\/agora.xtec.cat\/ceip-joan-coret\/general\/experimentem-amb-lenergia\/\" title=\"Read Experimentem amb l&#8217;energia\">Llegeix m\u00e9s\u00bb<\/a><\/p>\n","protected":false},"author":2,"featured_media":0,"comment_status":"open","ping_status":"closed","sticky":false,"template":"","format":"standard","meta":{"_bbp_topic_count":0,"_bbp_reply_count":0,"_bbp_total_topic_count":0,"_bbp_total_reply_count":0,"_bbp_voice_count":0,"_bbp_anonymous_reply_count":0,"_bbp_topic_count_hidden":0,"_bbp_reply_count_hidden":0,"_bbp_forum_subforum_count":0,"footnotes":""},"categories":[15,1,4],"tags":[194],"class_list":["post-2490","post","type-post","status-publish","format-standard","hentry","category-6e","category-general","category-portada","tag-experiments"],"post_mailing_queue_ids":[],"_links":{"self":[{"href":"https:\/\/agora.xtec.cat\/ceip-joan-coret\/wp-json\/wp\/v2\/posts\/2490","targetHints":{"allow":["GET"]}}],"collection":[{"href":"https:\/\/agora.xtec.cat\/ceip-joan-coret\/wp-json\/wp\/v2\/posts"}],"about":[{"href":"https:\/\/agora.xtec.cat\/ceip-joan-coret\/wp-json\/wp\/v2\/types\/post"}],"author":[{"embeddable":true,"href":"https:\/\/agora.xtec.cat\/ceip-joan-coret\/wp-json\/wp\/v2\/users\/2"}],"replies":[{"embeddable":true,"href":"https:\/\/agora.xtec.cat\/ceip-joan-coret\/wp-json\/wp\/v2\/comments?post=2490"}],"version-history":[{"count":2,"href":"https:\/\/agora.xtec.cat\/ceip-joan-coret\/wp-json\/wp\/v2\/posts\/2490\/revisions"}],"predecessor-version":[{"id":2499,"href":"https:\/\/agora.xtec.cat\/ceip-joan-coret\/wp-json\/wp\/v2\/posts\/2490\/revisions\/2499"}],"wp:attachment":[{"href":"https:\/\/agora.xtec.cat\/ceip-joan-coret\/wp-json\/wp\/v2\/media?parent=2490"}],"wp:term":[{"taxonomy":"category","embeddable":true,"href":"https:\/\/agora.xtec.cat\/ceip-joan-coret\/wp-json\/wp\/v2\/categories?post=2490"},{"taxonomy":"post_tag","embeddable":true,"href":"https:\/\/agora.xtec.cat\/ceip-joan-coret\/wp-json\/wp\/v2\/tags?post=2490"}],"curies":[{"name":"wp","href":"https:\/\/api.w.org\/{rel}","templated":true}]}}