{"id":2473,"date":"2020-02-04T13:58:48","date_gmt":"2020-02-04T12:58:48","guid":{"rendered":"http:\/\/agora.xtec.cat\/ceip-joan-coret\/?p=2473"},"modified":"2020-02-04T14:00:47","modified_gmt":"2020-02-04T13:00:47","slug":"cancons-de-nadal-p-5","status":"publish","type":"post","link":"https:\/\/agora.xtec.cat\/ceip-joan-coret\/portada\/cancons-de-nadal-p-5\/","title":{"rendered":"Can\u00e7ons de Nadal P-5"},"content":{"rendered":"<p>UN PASTORET MOLT GOLAFRE&#8230;.BENVINGUT NADAL!<\/p>\n<p>Quin dia m\u00e9s especial i emocionant! Tant els nens i nenes de la classe dels arcs de Sant Mart\u00ed com els de la classe dels lleons i les lleones vam venir s\u00faper guapos i s\u00faper guapes preparats per cantar de valent davant dels pares, mares, avis, \u00e0vies, tiets, tietes&#8230;<\/p>\n<p>Estem preparats! A cantar!!<\/p>\n<p><a href=\"https:\/\/photos.app.goo.gl\/yYnZVqAGLCKmTAAw9\" target=\"_blank\" rel=\"noopener noreferrer\">https:\/\/photos.app.goo.gl\/yYnZVqAGLCKmTAAw9<\/a><\/p>\n","protected":false},"excerpt":{"rendered":"<p>UN PASTORET MOLT GOLAFRE&#8230;.BENVINGUT NADAL!<br \/>\nQuin dia m\u00e9s especial i emocionant! Tant els nens i nenes de la classe dels arcs de Sant Mart\u00ed com els de la classe dels lleons i les lleones vam venir s\u00faper guapos i s\u00faper guapes preparats per cantar de valent&hellip;  <a href=\"https:\/\/agora.xtec.cat\/ceip-joan-coret\/portada\/cancons-de-nadal-p-5\/\" title=\"Read Can\u00e7ons de Nadal P-5\">Llegeix m\u00e9s\u00bb<\/a><\/p>\n","protected":false},"author":3,"featured_media":0,"comment_status":"open","ping_status":"closed","sticky":false,"template":"","format":"standard","meta":{"_bbp_topic_count":0,"_bbp_reply_count":0,"_bbp_total_topic_count":0,"_bbp_total_reply_count":0,"_bbp_voice_count":0,"_bbp_anonymous_reply_count":0,"_bbp_topic_count_hidden":0,"_bbp_reply_count_hidden":0,"_bbp_forum_subforum_count":0,"footnotes":""},"categories":[9,4],"tags":[178,91],"class_list":["post-2473","post","type-post","status-publish","format-standard","hentry","category-i5","category-portada","tag-nadales","tag-p5"],"post_mailing_queue_ids":[],"_links":{"self":[{"href":"https:\/\/agora.xtec.cat\/ceip-joan-coret\/wp-json\/wp\/v2\/posts\/2473","targetHints":{"allow":["GET"]}}],"collection":[{"href":"https:\/\/agora.xtec.cat\/ceip-joan-coret\/wp-json\/wp\/v2\/posts"}],"about":[{"href":"https:\/\/agora.xtec.cat\/ceip-joan-coret\/wp-json\/wp\/v2\/types\/post"}],"author":[{"embeddable":true,"href":"https:\/\/agora.xtec.cat\/ceip-joan-coret\/wp-json\/wp\/v2\/users\/3"}],"replies":[{"embeddable":true,"href":"https:\/\/agora.xtec.cat\/ceip-joan-coret\/wp-json\/wp\/v2\/comments?post=2473"}],"version-history":[{"count":1,"href":"https:\/\/agora.xtec.cat\/ceip-joan-coret\/wp-json\/wp\/v2\/posts\/2473\/revisions"}],"predecessor-version":[{"id":2474,"href":"https:\/\/agora.xtec.cat\/ceip-joan-coret\/wp-json\/wp\/v2\/posts\/2473\/revisions\/2474"}],"wp:attachment":[{"href":"https:\/\/agora.xtec.cat\/ceip-joan-coret\/wp-json\/wp\/v2\/media?parent=2473"}],"wp:term":[{"taxonomy":"category","embeddable":true,"href":"https:\/\/agora.xtec.cat\/ceip-joan-coret\/wp-json\/wp\/v2\/categories?post=2473"},{"taxonomy":"post_tag","embeddable":true,"href":"https:\/\/agora.xtec.cat\/ceip-joan-coret\/wp-json\/wp\/v2\/tags?post=2473"}],"curies":[{"name":"wp","href":"https:\/\/api.w.org\/{rel}","templated":true}]}}