{"id":2469,"date":"2020-02-03T16:31:15","date_gmt":"2020-02-03T15:31:15","guid":{"rendered":"http:\/\/agora.xtec.cat\/ceip-joan-coret\/?p=2469"},"modified":"2020-02-03T16:31:15","modified_gmt":"2020-02-03T15:31:15","slug":"experiment-arc-de-sant-marti","status":"publish","type":"post","link":"https:\/\/agora.xtec.cat\/ceip-joan-coret\/infantil\/i3\/experiment-arc-de-sant-marti\/","title":{"rendered":"Experiment Arc de Sant Mart\u00ed"},"content":{"rendered":"<p>&nbsp;<\/p>\n<p><span lang=\"ca-ES\">L\u2019EXPERIMENT DE LA PAULA<\/span><\/p>\n<p><a name=\"_GoBack\"><\/a> <span lang=\"ca-ES\">LA SETMANA PASSADA VA VENIR LA MARE DE LA PAULA A FER-NOS UN EXPERIMENT DELS COLORS DE L\u2019ARC DE SANT MART\u00cd A LA CLASSE. NOM\u00c9S NECESSITEM 7 GOTS DE PL\u00c0STIC, PAPER DE CUINA, COLORANT ALIMENTARI (BLAU, GROC I VERMELL) I AIGUA. TAMB\u00c9, ENS VA EXPLICAR QUE POD\u00cdEM ACONSEGUIR ELS 7 COLORS DE L\u2019ARC NOM\u00c9S POSANT COLORANT I AIGUA A 4 DELS 7 GOTS DE PL\u00c0STIC. VA SER M\u00c0GIC! A POC A POC ELS COLORS ES VAN ANAR BARREJANT I VAN APAR\u00c8IXER EL TARONJA, EL VERD, EL LILA I EL ROSAT!<\/span><\/p>\n<p><span lang=\"ca-ES\">MOLTES GR\u00c0CIES PER COMPARTIR L\u2019EXPERIMENT AMB NOSALTRES, VA SER MOLT BONIC I DIVERTIT!<\/span><\/p>\n<p><a href=\"https:\/\/photos.app.goo.gl\/8DHGnoUN8KqXAeja7\" target=\"_blank\" rel=\"noopener noreferrer\">https:\/\/photos.app.goo.gl\/8DHGnoUN8KqXAeja7<\/a><\/p>\n","protected":false},"excerpt":{"rendered":"<p>&nbsp;<br \/>\nL\u2019EXPERIMENT DE LA PAULA<br \/>\n<a name=\"_GoBack\"><\/a> LA SETMANA PASSADA VA VENIR LA MARE DE LA PAULA A FER-NOS UN EXPERIMENT DELS COLORS DE L\u2019ARC DE SANT MART\u00cd A LA CLASSE. NOM\u00c9S NECESSITEM 7 GOTS DE PL\u00c0STIC, PAPER DE CUINA, COLORANT ALIMENTARI (BLAU, GROC I VERMELL) I&hellip;  <a href=\"https:\/\/agora.xtec.cat\/ceip-joan-coret\/infantil\/i3\/experiment-arc-de-sant-marti\/\" title=\"Read Experiment Arc de Sant Mart\u00ed\">Llegeix m\u00e9s\u00bb<\/a><\/p>\n","protected":false},"author":3,"featured_media":0,"comment_status":"open","ping_status":"closed","sticky":false,"template":"","format":"standard","meta":{"_bbp_topic_count":0,"_bbp_reply_count":0,"_bbp_total_topic_count":0,"_bbp_total_reply_count":0,"_bbp_voice_count":0,"_bbp_anonymous_reply_count":0,"_bbp_topic_count_hidden":0,"_bbp_reply_count_hidden":0,"_bbp_forum_subforum_count":0,"footnotes":""},"categories":[3,8,9],"tags":[288,88,287],"class_list":["post-2469","post","type-post","status-publish","format-standard","hentry","category-i3","category-i4","category-i5","tag-arc-de-sant-marti","tag-ed-infantil","tag-experiment"],"post_mailing_queue_ids":[],"_links":{"self":[{"href":"https:\/\/agora.xtec.cat\/ceip-joan-coret\/wp-json\/wp\/v2\/posts\/2469","targetHints":{"allow":["GET"]}}],"collection":[{"href":"https:\/\/agora.xtec.cat\/ceip-joan-coret\/wp-json\/wp\/v2\/posts"}],"about":[{"href":"https:\/\/agora.xtec.cat\/ceip-joan-coret\/wp-json\/wp\/v2\/types\/post"}],"author":[{"embeddable":true,"href":"https:\/\/agora.xtec.cat\/ceip-joan-coret\/wp-json\/wp\/v2\/users\/3"}],"replies":[{"embeddable":true,"href":"https:\/\/agora.xtec.cat\/ceip-joan-coret\/wp-json\/wp\/v2\/comments?post=2469"}],"version-history":[{"count":1,"href":"https:\/\/agora.xtec.cat\/ceip-joan-coret\/wp-json\/wp\/v2\/posts\/2469\/revisions"}],"predecessor-version":[{"id":2470,"href":"https:\/\/agora.xtec.cat\/ceip-joan-coret\/wp-json\/wp\/v2\/posts\/2469\/revisions\/2470"}],"wp:attachment":[{"href":"https:\/\/agora.xtec.cat\/ceip-joan-coret\/wp-json\/wp\/v2\/media?parent=2469"}],"wp:term":[{"taxonomy":"category","embeddable":true,"href":"https:\/\/agora.xtec.cat\/ceip-joan-coret\/wp-json\/wp\/v2\/categories?post=2469"},{"taxonomy":"post_tag","embeddable":true,"href":"https:\/\/agora.xtec.cat\/ceip-joan-coret\/wp-json\/wp\/v2\/tags?post=2469"}],"curies":[{"name":"wp","href":"https:\/\/api.w.org\/{rel}","templated":true}]}}