{"id":2467,"date":"2020-02-03T16:28:06","date_gmt":"2020-02-03T15:28:06","guid":{"rendered":"http:\/\/agora.xtec.cat\/ceip-joan-coret\/?p=2467"},"modified":"2020-02-03T16:28:06","modified_gmt":"2020-02-03T15:28:06","slug":"busquem-el-tio","status":"publish","type":"post","link":"https:\/\/agora.xtec.cat\/ceip-joan-coret\/infantil\/i3\/busquem-el-tio\/","title":{"rendered":"Busquem el Ti\u00f3"},"content":{"rendered":"<p>A Ed.Infantil va arribar el Ti\u00f3 i els nens i nenes vam anar a trobar-lo. Ens va costar molt, per\u00f2 al final vam poder veure on estava amagat. Aqu\u00ed tenim les fotos!<\/p>\n<p><a href=\"https:\/\/photos.app.goo.gl\/u57TKn7J3NK8bX5x7\" target=\"_blank\" rel=\"noopener noreferrer\">https:\/\/photos.app.goo.gl\/u57TKn7J3NK8bX5x7<\/a><\/p>\n","protected":false},"excerpt":{"rendered":"<p>A Ed.Infantil va arribar el Ti\u00f3 i els nens i nenes vam anar a trobar-lo. Ens va costar molt, per\u00f2 al final vam poder veure on estava amagat. Aqu\u00ed tenim les fotos!<br \/>\n<a href=\"https:\/\/photos.app.goo.gl\/u57TKn7J3NK8bX5x7\" target=\"_blank\" rel=\"noopener noreferrer\">https:\/\/photos.app.goo.gl\/u57TKn7J3NK8bX5x7<\/a><\/p>\n","protected":false},"author":3,"featured_media":0,"comment_status":"open","ping_status":"closed","sticky":false,"template":"","format":"standard","meta":{"_bbp_topic_count":0,"_bbp_reply_count":0,"_bbp_total_topic_count":0,"_bbp_total_reply_count":0,"_bbp_voice_count":0,"_bbp_anonymous_reply_count":0,"_bbp_topic_count_hidden":0,"_bbp_reply_count_hidden":0,"_bbp_forum_subforum_count":0,"footnotes":""},"categories":[3,8,9,4],"tags":[88,286],"class_list":["post-2467","post","type-post","status-publish","format-standard","hentry","category-i3","category-i4","category-i5","category-portada","tag-ed-infantil","tag-tio"],"post_mailing_queue_ids":[],"_links":{"self":[{"href":"https:\/\/agora.xtec.cat\/ceip-joan-coret\/wp-json\/wp\/v2\/posts\/2467","targetHints":{"allow":["GET"]}}],"collection":[{"href":"https:\/\/agora.xtec.cat\/ceip-joan-coret\/wp-json\/wp\/v2\/posts"}],"about":[{"href":"https:\/\/agora.xtec.cat\/ceip-joan-coret\/wp-json\/wp\/v2\/types\/post"}],"author":[{"embeddable":true,"href":"https:\/\/agora.xtec.cat\/ceip-joan-coret\/wp-json\/wp\/v2\/users\/3"}],"replies":[{"embeddable":true,"href":"https:\/\/agora.xtec.cat\/ceip-joan-coret\/wp-json\/wp\/v2\/comments?post=2467"}],"version-history":[{"count":1,"href":"https:\/\/agora.xtec.cat\/ceip-joan-coret\/wp-json\/wp\/v2\/posts\/2467\/revisions"}],"predecessor-version":[{"id":2468,"href":"https:\/\/agora.xtec.cat\/ceip-joan-coret\/wp-json\/wp\/v2\/posts\/2467\/revisions\/2468"}],"wp:attachment":[{"href":"https:\/\/agora.xtec.cat\/ceip-joan-coret\/wp-json\/wp\/v2\/media?parent=2467"}],"wp:term":[{"taxonomy":"category","embeddable":true,"href":"https:\/\/agora.xtec.cat\/ceip-joan-coret\/wp-json\/wp\/v2\/categories?post=2467"},{"taxonomy":"post_tag","embeddable":true,"href":"https:\/\/agora.xtec.cat\/ceip-joan-coret\/wp-json\/wp\/v2\/tags?post=2467"}],"curies":[{"name":"wp","href":"https:\/\/api.w.org\/{rel}","templated":true}]}}