{"id":2456,"date":"2020-01-30T16:16:58","date_gmt":"2020-01-30T15:16:58","guid":{"rendered":"http:\/\/agora.xtec.cat\/ceip-joan-coret\/?p=2456"},"modified":"2020-01-30T16:19:11","modified_gmt":"2020-01-30T15:19:11","slug":"robotica-2019-2020","status":"publish","type":"post","link":"https:\/\/agora.xtec.cat\/ceip-joan-coret\/portada\/robotica-2019-2020\/","title":{"rendered":"Rob\u00f2tica 2019-2020"},"content":{"rendered":"<p>La pl\u00e0stica la treballem amb els tallers que fem 4t, 5\u00e8 i 6\u00e8. Hi ha un taller que el realitzem amb Lego We Do. Voleu veure els Robots que construim?? Aqu\u00ed teniu les fotos:<\/p>\n<p><a href=\"https:\/\/photos.app.goo.gl\/Tg2APEM8XqMvWibX9\" target=\"_blank\" rel=\"noopener noreferrer\">https:\/\/photos.app.goo.gl\/Tg2APEM8XqMvWibX9<\/a><\/p>\n<p><a href=\"https:\/\/agora.xtec.cat\/ceip-joan-coret\/wp-content\/uploads\/usu1194\/2020\/01\/IMG_20191114_152131.jpg\"><img loading=\"lazy\" decoding=\"async\" class=\"aligncenter size-medium wp-image-2458\" src=\"https:\/\/agora.xtec.cat\/ceip-joan-coret\/wp-content\/uploads\/usu1194\/2020\/01\/IMG_20191114_152131-300x225.jpg\" alt=\"\" width=\"300\" height=\"225\" srcset=\"https:\/\/agora.xtec.cat\/ceip-joan-coret\/wp-content\/uploads\/usu1194\/2020\/01\/IMG_20191114_152131-300x225.jpg 300w, https:\/\/agora.xtec.cat\/ceip-joan-coret\/wp-content\/uploads\/usu1194\/2020\/01\/IMG_20191114_152131-768x576.jpg 768w, https:\/\/agora.xtec.cat\/ceip-joan-coret\/wp-content\/uploads\/usu1194\/2020\/01\/IMG_20191114_152131-1024x768.jpg 1024w, https:\/\/agora.xtec.cat\/ceip-joan-coret\/wp-content\/uploads\/usu1194\/2020\/01\/IMG_20191114_152131-200x150.jpg 200w\" sizes=\"auto, (max-width: 300px) 100vw, 300px\" \/><\/a><\/p>\n<p>&nbsp;<\/p>\n","protected":false},"excerpt":{"rendered":"<p>La pl\u00e0stica la treballem amb els tallers que fem 4t, 5\u00e8 i 6\u00e8. Hi ha un taller que el realitzem amb Lego We Do. Voleu veure els Robots que construim?? Aqu\u00ed teniu les fotos:<br \/>\n<a href=\"https:\/\/photos.app.goo.gl\/Tg2APEM8XqMvWibX9\" target=\"_blank\" rel=\"noopener noreferrer\">https:\/\/photos.app.goo.gl\/Tg2APEM8XqMvWibX9<\/a><br \/>\n<a href=\"https:\/\/agora.xtec.cat\/ceip-joan-coret\/wp-content\/uploads\/usu1194\/2020\/01\/IMG_20191114_152131.jpg\"><\/a><br \/>\n&nbsp;<\/p>\n","protected":false},"author":3,"featured_media":0,"comment_status":"open","ping_status":"closed","sticky":false,"template":"","format":"standard","meta":{"_bbp_topic_count":0,"_bbp_reply_count":0,"_bbp_total_topic_count":0,"_bbp_total_reply_count":0,"_bbp_voice_count":0,"_bbp_anonymous_reply_count":0,"_bbp_topic_count_hidden":0,"_bbp_reply_count_hidden":0,"_bbp_forum_subforum_count":0,"footnotes":""},"categories":[13,14,15,4],"tags":[97,68,65,283],"class_list":["post-2456","post","type-post","status-publish","format-standard","hentry","category-4t","category-5e","category-6e","category-portada","tag-4t","tag-5e","tag-6e","tag-robotica"],"post_mailing_queue_ids":[],"_links":{"self":[{"href":"https:\/\/agora.xtec.cat\/ceip-joan-coret\/wp-json\/wp\/v2\/posts\/2456","targetHints":{"allow":["GET"]}}],"collection":[{"href":"https:\/\/agora.xtec.cat\/ceip-joan-coret\/wp-json\/wp\/v2\/posts"}],"about":[{"href":"https:\/\/agora.xtec.cat\/ceip-joan-coret\/wp-json\/wp\/v2\/types\/post"}],"author":[{"embeddable":true,"href":"https:\/\/agora.xtec.cat\/ceip-joan-coret\/wp-json\/wp\/v2\/users\/3"}],"replies":[{"embeddable":true,"href":"https:\/\/agora.xtec.cat\/ceip-joan-coret\/wp-json\/wp\/v2\/comments?post=2456"}],"version-history":[{"count":2,"href":"https:\/\/agora.xtec.cat\/ceip-joan-coret\/wp-json\/wp\/v2\/posts\/2456\/revisions"}],"predecessor-version":[{"id":2459,"href":"https:\/\/agora.xtec.cat\/ceip-joan-coret\/wp-json\/wp\/v2\/posts\/2456\/revisions\/2459"}],"wp:attachment":[{"href":"https:\/\/agora.xtec.cat\/ceip-joan-coret\/wp-json\/wp\/v2\/media?parent=2456"}],"wp:term":[{"taxonomy":"category","embeddable":true,"href":"https:\/\/agora.xtec.cat\/ceip-joan-coret\/wp-json\/wp\/v2\/categories?post=2456"},{"taxonomy":"post_tag","embeddable":true,"href":"https:\/\/agora.xtec.cat\/ceip-joan-coret\/wp-json\/wp\/v2\/tags?post=2456"}],"curies":[{"name":"wp","href":"https:\/\/api.w.org\/{rel}","templated":true}]}}